{"id":216181,"date":"2023-07-18T03:12:59","date_gmt":"2023-07-18T06:12:59","guid":{"rendered":"https:\/\/diarioregionaldigital.com.br\/?p=216181"},"modified":"2023-07-18T03:12:59","modified_gmt":"2023-07-18T06:12:59","slug":"prestacao-de-socorro-e-um-dos-destaques-no-atendimento-da-guarda-municipal","status":"publish","type":"post","link":"https:\/\/diarioregionaldigital.com.br\/?p=216181","title":{"rendered":"Presta\u00e7\u00e3o de Socorro \u00e9 um dos destaques no atendimento da Guarda Municipal"},"content":{"rendered":"<p>Segundo informa\u00e7\u00f5es do site da Prefeitura de Juiz de Fora (PJF), segundo balan\u00e7o apresentado pela Guarda Municipal na \u00faltima semana, a corpora\u00e7\u00e3o realizou 104 a\u00e7\u00f5es de presta\u00e7\u00e3o de socorro entre janeiro e junho de 2023. Apoio a intercorr\u00eancias de sa\u00fade como queda e mal s\u00fabito comp\u00f5em a maior parte dos registros, com 71 atendimentos; acidentes sem v\u00edtima somaram 18 ocorr\u00eancias e acidente com v\u00edtima; 15. S\u00e3o situa\u00e7\u00f5es em que a popula\u00e7\u00e3o recorre ao agente presente na via p\u00fablica ou em que as equipes se depararam com algum incidente. No \u00faltimo s\u00e1bado, 15, a Guarda prestou ajuda e deu encaminhamento em tr\u00eas casos em pontos diferentes da cidade.<\/p>\n<p>A fun\u00e7\u00e3o principal da Guarda \u00e9 a prote\u00e7\u00e3o municipal preventiva, conforme estabelece a\u00a0<a href=\"https:\/\/www.planalto.gov.br\/ccivil_03\/_ato2011-2014\/2014\/lei\/l13022.htm\"><strong>Lei 13022\/14<\/strong><\/a>\u00a0(Estatuto Geral das Guardas Municipais). De acordo com a norma est\u00e3o entre os princ\u00edpios m\u00ednimos das corpora\u00e7\u00f5es de seguran\u00e7a municipais a preserva\u00e7\u00e3o da vida, a redu\u00e7\u00e3o do sofrimento e a diminui\u00e7\u00e3o das perdas. O documento ainda estabelece que deve ser garantido atendimento de ocorr\u00eancias emergenciais ou ser\u00a0 prestado direta e imediatamente quando se deparar com estas.<\/p>\n<p>A presta\u00e7\u00e3o de socorro \u00e9 consequ\u00eancia da presen\u00e7a de equipes da Guarda Municipal em atividades de rondas de prote\u00e7\u00e3o e preven\u00e7\u00e3o nas vias da cidade. Ao circular pelas principais \u00e1reas de movimenta\u00e7\u00e3o de pessoas, as equipes acabam flagrando tais ocorr\u00eancias. Nestes casos, a corpora\u00e7\u00e3o procura intervir de forma humanizada, oferecendo apoio e fazendo o encaminhamento, conforme necessidade, para a rede de sa\u00fade do munic\u00edpio.<\/p>\n<p>A disciplina de Socorrismo faz parte da grade curricular do curso de forma\u00e7\u00e3o da Guarda Municipal e, frequentemente, o processo de atualiza\u00e7\u00e3o dos guardas contempla conte\u00fados da \u00e1rea. Em 2022, a Guarda Municipal participou do curso de \u201cPrimeiros Socorros em Atividade Policial\u201d, promovido pela Pol\u00edcia Federal. Este curso refor\u00e7ou a import\u00e2ncia de procedimentos logo nos primeiros minutos a fim de salvar vidas. A capacita\u00e7\u00e3o permanente \u00e9 um dos eixos do\u00a0<a href=\"https:\/\/jflegis.pjf.mg.gov.br\/norma.php?chave=0000048306\"><strong>Plano Municipal de Seguran\u00e7a Urbana e Cidadania de Juiz de Fora<\/strong><\/a>.<\/p>\n","protected":false},"excerpt":{"rendered":"<p>Segundo informa\u00e7\u00f5es do site da Prefeitura de Juiz de Fora (PJF), segundo balan\u00e7o apresentado pela Guarda Municipal na \u00faltima semana, a corpora\u00e7\u00e3o realizou 104 a\u00e7\u00f5es de presta\u00e7\u00e3o de socorro entre janeiro e junho de 2023. Apoio a intercorr\u00eancias de sa\u00fade como queda e mal s\u00fabito comp\u00f5em a maior parte dos registros, com 71 atendimentos; acidentes [&hellip;]<\/p>\n","protected":false},"author":246,"featured_media":216182,"comment_status":"closed","ping_status":"closed","sticky":false,"template":"","format":"standard","meta":{"footnotes":""},"categories":[253,436,439],"tags":[],"class_list":["post-216181","post","type-post","status-publish","format-standard","has-post-thumbnail","hentry","category-cidade","category-destaque-da-semana","category-ultima-hora"],"_links":{"self":[{"href":"https:\/\/diarioregionaldigital.com.br\/index.php?rest_route=\/wp\/v2\/posts\/216181","targetHints":{"allow":["GET"]}}],"collection":[{"href":"https:\/\/diarioregionaldigital.com.br\/index.php?rest_route=\/wp\/v2\/posts"}],"about":[{"href":"https:\/\/diarioregionaldigital.com.br\/index.php?rest_route=\/wp\/v2\/types\/post"}],"author":[{"embeddable":true,"href":"https:\/\/diarioregionaldigital.com.br\/index.php?rest_route=\/wp\/v2\/users\/246"}],"replies":[{"embeddable":true,"href":"https:\/\/diarioregionaldigital.com.br\/index.php?rest_route=%2Fwp%2Fv2%2Fcomments&post=216181"}],"version-history":[{"count":1,"href":"https:\/\/diarioregionaldigital.com.br\/index.php?rest_route=\/wp\/v2\/posts\/216181\/revisions"}],"predecessor-version":[{"id":216183,"href":"https:\/\/diarioregionaldigital.com.br\/index.php?rest_route=\/wp\/v2\/posts\/216181\/revisions\/216183"}],"wp:featuredmedia":[{"embeddable":true,"href":"https:\/\/diarioregionaldigital.com.br\/index.php?rest_route=\/wp\/v2\/media\/216182"}],"wp:attachment":[{"href":"https:\/\/diarioregionaldigital.com.br\/index.php?rest_route=%2Fwp%2Fv2%2Fmedia&parent=216181"}],"wp:term":[{"taxonomy":"category","embeddable":true,"href":"https:\/\/diarioregionaldigital.com.br\/index.php?rest_route=%2Fwp%2Fv2%2Fcategories&post=216181"},{"taxonomy":"post_tag","embeddable":true,"href":"https:\/\/diarioregionaldigital.com.br\/index.php?rest_route=%2Fwp%2Fv2%2Ftags&post=216181"}],"curies":[{"name":"wp","href":"https:\/\/api.w.org\/{rel}","templated":true}]}}