{"id":216178,"date":"2023-07-18T03:11:40","date_gmt":"2023-07-18T06:11:40","guid":{"rendered":"https:\/\/diarioregionaldigital.com.br\/?p=216178"},"modified":"2023-07-18T03:11:40","modified_gmt":"2023-07-18T06:11:40","slug":"procon-autua-tres-postos-de-gasolina-por-precificacao-errada-de-combustiveis","status":"publish","type":"post","link":"https:\/\/diarioregionaldigital.com.br\/?p=216178","title":{"rendered":"Procon autua tr\u00eas postos de gasolina por precifica\u00e7\u00e3o errada de combust\u00edveis"},"content":{"rendered":"<p>Segundo informa\u00e7\u00f5es do site da Prefeitura de Juiz de Fora (PJF), a Ag\u00eancia de Prote\u00e7\u00e3o e Defesa do Consumidor (Procon) da Prefeitura de Juiz de Fora (PJF) autuou tr\u00eas postos de combust\u00edveis na \u00faltima quinta-feira, 13, por apresentarem diverg\u00eancias no pre\u00e7o anunciado e no pre\u00e7o efetivamente cobrado dos consumidores. O problema de precifica\u00e7\u00e3o foi identificado durante uma fiscaliza\u00e7\u00e3o de rotina do \u00f3rg\u00e3o em postos de gasolina da cidade.<\/p>\n<p>Os estabelecimentos autuados anunciavam promo\u00e7\u00f5es atrav\u00e9s da utiliza\u00e7\u00e3o de aplicativos para pagamento com \u201ccashback\u201d, modalidade em que o consumidor recebe parte do valor gasto na compra de volta. No momento da fiscaliza\u00e7\u00e3o, foi constatado que, diferentemente do anunciado, o percentual de \u201ccashback\u201d seria oferecido de modo progressivo, variando de acordo com uma s\u00e9rie de fatores, como forma de pagamento e volume do abastecimento. Estes elementos n\u00e3o estavam anunciados de maneira clara, induzindo o consumidor ao erro a respeito do pre\u00e7o que seria efetivamente pago pelo litro do combust\u00edvel. Dentre outras irregularidades a pr\u00e1tica fere o artigo 37 do C\u00f3digo de Defesa do Consumidor, que trata sobre publicidade enganosa ou abusiva.<\/p>\n<p>O gerente do Departamento de Apura\u00e7\u00e3o de Pr\u00e1ticas Infrativas (Dapi), Guilherme Giovanoni,\u00a0 afirma que as a\u00e7\u00f5es de fiscaliza\u00e7\u00e3o ter\u00e3o continuidade, inclusive quanto \u00e0s promo\u00e7\u00f5es de \u201ccashback\u201d. \u201cDiante da falta de informa\u00e7\u00f5es, os postos foram autuados, e devem regularizar as infra\u00e7\u00f5es observadas. O objetivo do Procon \u00e9 fazer com que as rela\u00e7\u00f5es de consumo sejam claras e que n\u00e3o induzam o consumidor ao erro\u201d.<\/p>\n<p>Caso o consumidor verifique alguma irregularidade nos postos de combust\u00edvel, ele pode realizar uma den\u00fancia ao Procon, atrav\u00e9s do n\u00famero (32) 3690-7984, no site Prefeitura \u00c1gil ou, presencialmente, com agendamento pr\u00e9vio atrav\u00e9s dos n\u00fameros (32) 3690-7610 ou (32) 3690-7611.<\/p>\n","protected":false},"excerpt":{"rendered":"<p>Segundo informa\u00e7\u00f5es do site da Prefeitura de Juiz de Fora (PJF), a Ag\u00eancia de Prote\u00e7\u00e3o e Defesa do Consumidor (Procon) da Prefeitura de Juiz de Fora (PJF) autuou tr\u00eas postos de combust\u00edveis na \u00faltima quinta-feira, 13, por apresentarem diverg\u00eancias no pre\u00e7o anunciado e no pre\u00e7o efetivamente cobrado dos consumidores. O problema de precifica\u00e7\u00e3o foi identificado [&hellip;]<\/p>\n","protected":false},"author":246,"featured_media":216179,"comment_status":"closed","ping_status":"closed","sticky":false,"template":"","format":"standard","meta":{"footnotes":""},"categories":[253,436,439],"tags":[],"class_list":["post-216178","post","type-post","status-publish","format-standard","has-post-thumbnail","hentry","category-cidade","category-destaque-da-semana","category-ultima-hora"],"_links":{"self":[{"href":"https:\/\/diarioregionaldigital.com.br\/index.php?rest_route=\/wp\/v2\/posts\/216178","targetHints":{"allow":["GET"]}}],"collection":[{"href":"https:\/\/diarioregionaldigital.com.br\/index.php?rest_route=\/wp\/v2\/posts"}],"about":[{"href":"https:\/\/diarioregionaldigital.com.br\/index.php?rest_route=\/wp\/v2\/types\/post"}],"author":[{"embeddable":true,"href":"https:\/\/diarioregionaldigital.com.br\/index.php?rest_route=\/wp\/v2\/users\/246"}],"replies":[{"embeddable":true,"href":"https:\/\/diarioregionaldigital.com.br\/index.php?rest_route=%2Fwp%2Fv2%2Fcomments&post=216178"}],"version-history":[{"count":1,"href":"https:\/\/diarioregionaldigital.com.br\/index.php?rest_route=\/wp\/v2\/posts\/216178\/revisions"}],"predecessor-version":[{"id":216180,"href":"https:\/\/diarioregionaldigital.com.br\/index.php?rest_route=\/wp\/v2\/posts\/216178\/revisions\/216180"}],"wp:featuredmedia":[{"embeddable":true,"href":"https:\/\/diarioregionaldigital.com.br\/index.php?rest_route=\/wp\/v2\/media\/216179"}],"wp:attachment":[{"href":"https:\/\/diarioregionaldigital.com.br\/index.php?rest_route=%2Fwp%2Fv2%2Fmedia&parent=216178"}],"wp:term":[{"taxonomy":"category","embeddable":true,"href":"https:\/\/diarioregionaldigital.com.br\/index.php?rest_route=%2Fwp%2Fv2%2Fcategories&post=216178"},{"taxonomy":"post_tag","embeddable":true,"href":"https:\/\/diarioregionaldigital.com.br\/index.php?rest_route=%2Fwp%2Fv2%2Ftags&post=216178"}],"curies":[{"name":"wp","href":"https:\/\/api.w.org\/{rel}","templated":true}]}}