{"id":216175,"date":"2023-07-18T03:10:00","date_gmt":"2023-07-18T06:10:00","guid":{"rendered":"https:\/\/diarioregionaldigital.com.br\/?p=216175"},"modified":"2023-07-18T03:10:00","modified_gmt":"2023-07-18T06:10:00","slug":"museu-mariano-procopio-e-contemplado-em-programa-que-distribuira-r15-milhoes-para-projetos-de-mg","status":"publish","type":"post","link":"https:\/\/diarioregionaldigital.com.br\/?p=216175","title":{"rendered":"Museu Mariano Proc\u00f3pio \u00e9 contemplado em programa que distribuir\u00e1 R$15 milh\u00f5es para projetos de MG"},"content":{"rendered":"<p>Segundo informa\u00e7\u00f5es do site da Prefeitura de Juiz de Fora (PJF), na manh\u00e3 desta segunda-feira, 17, o Minist\u00e9rio P\u00fablico de Minas Gerais anunciou os 11 projetos selecionados no Programa Minas Para Sempre, entre eles o projeto apresentado pelo Museu Mariano Proc\u00f3pio, \u201cRevitaliza\u00e7\u00e3o do Museu Mariano Proc\u00f3pio e Parque\u201d. Ao todo, aproximadamente R$15 milh\u00f5es ser\u00e3o distribu\u00eddos entre os 11 projetos do estado relacionados \u00e0 restaura\u00e7\u00e3o, conserva\u00e7\u00e3o e recupera\u00e7\u00e3o de bens integrantes do Patrim\u00f4nio Cultural de Minas Gerais, do qual o Museu faz parte.<br \/>\nO programa \u00e9 um lan\u00e7amento do Centro de Apoio de Defesa do Meio Ambiente (Caoma) do Minist\u00e9rio P\u00fablico de Minas Gerais (MPMG), por meio da Coordenadoria de Defesa do Patrim\u00f4nio Cultural, em parceria com a Plataforma Semente. Os recursos distribu\u00eddos s\u00e3o provenientes de medidas compensat\u00f3rias acordadas entre o MPMG e entes privados.<br \/>\nO projeto apresentado pela institui\u00e7\u00e3o tem como objetivo principal a revitaliza\u00e7\u00e3o do museu, com a manuten\u00e7\u00e3o dos bens integrados, garantindo sua preserva\u00e7\u00e3o e conserva\u00e7\u00e3o ao longo do tempo. Al\u00e9m disso, pretende-se realizar a revitaliza\u00e7\u00e3o das alamedas de jabuticabas, visando criar um ambiente agrad\u00e1vel e acolhedor para os visitantes. E, por \u00faltimo, ser\u00e3o instalados aeradores no lago, com o objetivo de melhorar a oxigena\u00e7\u00e3o e a qualidade da \u00e1gua.<\/p>\n","protected":false},"excerpt":{"rendered":"<p>Segundo informa\u00e7\u00f5es do site da Prefeitura de Juiz de Fora (PJF), na manh\u00e3 desta segunda-feira, 17, o Minist\u00e9rio P\u00fablico de Minas Gerais anunciou os 11 projetos selecionados no Programa Minas Para Sempre, entre eles o projeto apresentado pelo Museu Mariano Proc\u00f3pio, \u201cRevitaliza\u00e7\u00e3o do Museu Mariano Proc\u00f3pio e Parque\u201d. Ao todo, aproximadamente R$15 milh\u00f5es ser\u00e3o distribu\u00eddos [&hellip;]<\/p>\n","protected":false},"author":246,"featured_media":216176,"comment_status":"closed","ping_status":"closed","sticky":false,"template":"","format":"standard","meta":{"footnotes":""},"categories":[253,436,440,439],"tags":[],"class_list":["post-216175","post","type-post","status-publish","format-standard","has-post-thumbnail","hentry","category-cidade","category-destaque-da-semana","category-destaques-do-dia","category-ultima-hora"],"_links":{"self":[{"href":"https:\/\/diarioregionaldigital.com.br\/index.php?rest_route=\/wp\/v2\/posts\/216175","targetHints":{"allow":["GET"]}}],"collection":[{"href":"https:\/\/diarioregionaldigital.com.br\/index.php?rest_route=\/wp\/v2\/posts"}],"about":[{"href":"https:\/\/diarioregionaldigital.com.br\/index.php?rest_route=\/wp\/v2\/types\/post"}],"author":[{"embeddable":true,"href":"https:\/\/diarioregionaldigital.com.br\/index.php?rest_route=\/wp\/v2\/users\/246"}],"replies":[{"embeddable":true,"href":"https:\/\/diarioregionaldigital.com.br\/index.php?rest_route=%2Fwp%2Fv2%2Fcomments&post=216175"}],"version-history":[{"count":1,"href":"https:\/\/diarioregionaldigital.com.br\/index.php?rest_route=\/wp\/v2\/posts\/216175\/revisions"}],"predecessor-version":[{"id":216177,"href":"https:\/\/diarioregionaldigital.com.br\/index.php?rest_route=\/wp\/v2\/posts\/216175\/revisions\/216177"}],"wp:featuredmedia":[{"embeddable":true,"href":"https:\/\/diarioregionaldigital.com.br\/index.php?rest_route=\/wp\/v2\/media\/216176"}],"wp:attachment":[{"href":"https:\/\/diarioregionaldigital.com.br\/index.php?rest_route=%2Fwp%2Fv2%2Fmedia&parent=216175"}],"wp:term":[{"taxonomy":"category","embeddable":true,"href":"https:\/\/diarioregionaldigital.com.br\/index.php?rest_route=%2Fwp%2Fv2%2Fcategories&post=216175"},{"taxonomy":"post_tag","embeddable":true,"href":"https:\/\/diarioregionaldigital.com.br\/index.php?rest_route=%2Fwp%2Fv2%2Ftags&post=216175"}],"curies":[{"name":"wp","href":"https:\/\/api.w.org\/{rel}","templated":true}]}}