{"id":216172,"date":"2023-07-18T03:02:39","date_gmt":"2023-07-18T06:02:39","guid":{"rendered":"https:\/\/diarioregionaldigital.com.br\/?p=216172"},"modified":"2023-07-18T03:02:39","modified_gmt":"2023-07-18T06:02:39","slug":"martine-e-kahena-conquistam-a-prata-em-evento-teste-para-paris-2024","status":"publish","type":"post","link":"https:\/\/diarioregionaldigital.com.br\/?p=216172","title":{"rendered":"Martine e Kahena conquistam a prata em evento-teste para Paris 2024"},"content":{"rendered":"<p>A dupla bicampe\u00e3 ol\u00edmpica Martine Grael e Kahena Kunze ficou com a sexta\u00a0coloca\u00e7\u00e3o na corrida da medalha no evento-teste de vela para os Jogos Ol\u00edmpicos de Paris. As atletas brasileiras estavam na quarta\u00a0posi\u00e7\u00e3o antes do final de semana.<img decoding=\"async\" src=\"https:\/\/agenciabrasil.ebc.com.br\/ebc.png?id=1544116&amp;o=node\" \/><img decoding=\"async\" src=\"https:\/\/agenciabrasil.ebc.com.br\/ebc.gif?id=1544116&amp;o=node\" \/><\/p>\n<p>No s\u00e1bado (15), foram bem e subiram um posto. Depois, com a posi\u00e7\u00e3o da corrida da medalha, que d\u00e1 pontos em dobro, garantiram a vice-lideran\u00e7a. Dessa forma ficaram atr\u00e1s apenas das holandesas Odile Van Aanholt e Annette Duetz na classe 49erFX.<\/p>\n<p>O bronze foi das suecas Vilma Bobeck e Rebecca Netzler. As regatas ocorreram no Mediterr\u00e2neo, em Marselha, que ser\u00e1 sede da disputa ol\u00edmpica em 2024. O pr\u00f3ximo compromisso das multicampe\u00e3s \u00e9 o Mundial de Haia, nos Pa\u00edses Baixos, de 8 a 20 de agosto.<\/p>\n<p><span style=\"font-weight: 400;\">Fonte: Ag\u00eancia Brasil <\/span><\/p>\n","protected":false},"excerpt":{"rendered":"<p>A dupla bicampe\u00e3 ol\u00edmpica Martine Grael e Kahena Kunze ficou com a sexta\u00a0coloca\u00e7\u00e3o na corrida da medalha no evento-teste de vela para os Jogos Ol\u00edmpicos de Paris. As atletas brasileiras estavam na quarta\u00a0posi\u00e7\u00e3o antes do final de semana. No s\u00e1bado (15), foram bem e subiram um posto. Depois, com a posi\u00e7\u00e3o da corrida da medalha, [&hellip;]<\/p>\n","protected":false},"author":246,"featured_media":216173,"comment_status":"closed","ping_status":"closed","sticky":false,"template":"","format":"standard","meta":{"footnotes":""},"categories":[436,257,439],"tags":[],"class_list":["post-216172","post","type-post","status-publish","format-standard","has-post-thumbnail","hentry","category-destaque-da-semana","category-esporte","category-ultima-hora"],"_links":{"self":[{"href":"https:\/\/diarioregionaldigital.com.br\/index.php?rest_route=\/wp\/v2\/posts\/216172","targetHints":{"allow":["GET"]}}],"collection":[{"href":"https:\/\/diarioregionaldigital.com.br\/index.php?rest_route=\/wp\/v2\/posts"}],"about":[{"href":"https:\/\/diarioregionaldigital.com.br\/index.php?rest_route=\/wp\/v2\/types\/post"}],"author":[{"embeddable":true,"href":"https:\/\/diarioregionaldigital.com.br\/index.php?rest_route=\/wp\/v2\/users\/246"}],"replies":[{"embeddable":true,"href":"https:\/\/diarioregionaldigital.com.br\/index.php?rest_route=%2Fwp%2Fv2%2Fcomments&post=216172"}],"version-history":[{"count":1,"href":"https:\/\/diarioregionaldigital.com.br\/index.php?rest_route=\/wp\/v2\/posts\/216172\/revisions"}],"predecessor-version":[{"id":216174,"href":"https:\/\/diarioregionaldigital.com.br\/index.php?rest_route=\/wp\/v2\/posts\/216172\/revisions\/216174"}],"wp:featuredmedia":[{"embeddable":true,"href":"https:\/\/diarioregionaldigital.com.br\/index.php?rest_route=\/wp\/v2\/media\/216173"}],"wp:attachment":[{"href":"https:\/\/diarioregionaldigital.com.br\/index.php?rest_route=%2Fwp%2Fv2%2Fmedia&parent=216172"}],"wp:term":[{"taxonomy":"category","embeddable":true,"href":"https:\/\/diarioregionaldigital.com.br\/index.php?rest_route=%2Fwp%2Fv2%2Fcategories&post=216172"},{"taxonomy":"post_tag","embeddable":true,"href":"https:\/\/diarioregionaldigital.com.br\/index.php?rest_route=%2Fwp%2Fv2%2Ftags&post=216172"}],"curies":[{"name":"wp","href":"https:\/\/api.w.org\/{rel}","templated":true}]}}