{"id":216169,"date":"2023-07-18T03:01:32","date_gmt":"2023-07-18T06:01:32","guid":{"rendered":"https:\/\/diarioregionaldigital.com.br\/?p=216169"},"modified":"2023-07-18T03:01:32","modified_gmt":"2023-07-18T06:01:32","slug":"com-passagem-de-bastao-marta-lidera-geracao-em-ultima-copa-do-mundo","status":"publish","type":"post","link":"https:\/\/diarioregionaldigital.com.br\/?p=216169","title":{"rendered":"Com passagem de bast\u00e3o, Marta lidera gera\u00e7\u00e3o em \u00faltima Copa do Mundo"},"content":{"rendered":"<p>Nas provas de revezamento do atletismo, a passagem do bast\u00e3o de um atleta para outro \u00e9 simb\u00f3lica. Significa dizer: \u201cfiz minha parte, agora \u00e9 sua vez\u201d. A Copa do Mundo feminina deste ano, na Austr\u00e1lia e na Nova Zel\u00e2ndia, tem esse contexto para o Brasil. Ao mesmo tempo em que Marta, maior artilheira da hist\u00f3ria da sele\u00e7\u00e3o (entre homens e mulheres) estar\u00e1 pela sexta e \u00faltima vez em um Mundial, outras 11 brasileiras estrear\u00e3o no maior evento da modalidade, na busca por um t\u00edtulo in\u00e9dito.<img decoding=\"async\" src=\"https:\/\/agenciabrasil.ebc.com.br\/ebc.png?id=1543037&amp;o=node\" \/><img decoding=\"async\" src=\"https:\/\/agenciabrasil.ebc.com.br\/ebc.gif?id=1543037&amp;o=node\" \/><\/p>\n<p>Marta, 37 anos, \u00e9 o elo da atual gera\u00e7\u00e3o com o time vice-campe\u00e3o mundial (2007) e ol\u00edmpico (2004 e 2008). \u00c9 a primeira vez que a craque disputa um campeonato deste n\u00edvel sem ter a volante Formiga e a atacante Cristiane ao lado. Esta \u00faltima, de 38 anos, j\u00e1 havia ficado fora dos Jogos de T\u00f3quio, no Jap\u00e3o, e tornou a n\u00e3o ser chamada por Pia Sundhage, apesar do clamor popular. Na entrevista coletiva que concedeu ap\u00f3s a convoca\u00e7\u00e3o, a t\u00e9cnica n\u00e3o quis comentar a aus\u00eancia da centroavante.<\/p>\n<p>Outras 11 convocadas de Pia j\u00e1 disputaram a competi\u00e7\u00e3o anteriormente, mas o protagonismo entre as veteranas \u00e9 da alagoana de Tr\u00eas Riachos, eleita seis vezes a melhor jogadora do mundo e autora de 17 gols em Copas, sendo a maior artilheira do torneio (masculino incluso). Nas cinco participa\u00e7\u00f5es que teve, entre 2003 e 2019, a camisa 10 balan\u00e7ou as redes ao menos uma vez em cada edi\u00e7\u00e3o, o que somente a atacante canadense Christiane Sinclair tamb\u00e9m conseguiu.<\/p>\n<p>E quem assumir\u00e1 o bast\u00e3o deixado pela Rainha? Algumas candidatas j\u00e1 figuram no atual grupo. As meias Ary Borges e Kerolin, ambas de 23 anos, ganharam espa\u00e7o ap\u00f3s a Olimp\u00edada e se tornaram titulares com Pia. A volante Angelina, de tamb\u00e9m 23 anos, foi outra a se firmar ap\u00f3s os Jogos de T\u00f3quio, para os quais foi chamada de \u00faltima hora. Por causa de uma les\u00e3o no joelho direito, que a deixou fora de a\u00e7\u00e3o por quase um ano, a jogadora n\u00e3o integra a rela\u00e7\u00e3o de 23 convocadas, mas viajou \u00e0 Copa como uma das tr\u00eas suplentes.<\/p>\n<p>Outra suplente a se ficar de olho para o futuro, embora j\u00e1 brilhe no presente, \u00e9 Aline Gomes. Em um intervalo de somente 11 meses, a meia-atacante de 18 anos completados no \u00faltimo dia 7 de julho defendeu o Brasil nos Mundiais sub-17 e sub-20 (sendo titular em ambos) e foi chamada \u00e0 sele\u00e7\u00e3o principal.<\/p>\n<p>Al\u00e9m de Aline, a lateral Bruninha (21 anos) e a zagueira Lauren (20) &#8211; estas presentes entre as 23 convocadas &#8211; estiveram no \u00faltimo Mundial sub-20 e ajudaram o Brasil a conquistar o terceiro lugar. Fora da lista de Pia, nomes como os da zagueira Tarciane (20) e da volante Yay\u00e1 (21) tamb\u00e9m integraram aquela campanha, foram observadas pela t\u00e9cnica sueca e s\u00e3o atletas com espa\u00e7o certo nos pr\u00f3ximos passos da sele\u00e7\u00e3o feminina.<\/p>\n<p>A proximidade com as sele\u00e7\u00f5es de base foi um dos marcos do trabalho de Pia. A treinadora assumiu o cargo em agosto de 2019 e teve a renova\u00e7\u00e3o da sele\u00e7\u00e3o como meta. Foi a sueca que levou para a equipe jogadoras como a zagueira Tainara (24 anos), as meias Micaelly (22), Jaqueline (23), Ana Vit\u00f3ria (23), Duda Sampaio (22) e a atacante Nycole (22). As tr\u00eas \u00faltimas conseguiram a convoca\u00e7\u00e3o \u00e0 Copa, enquanto Tainara, rec\u00e9m-recuperada de uma les\u00e3o, foi chamada como suplente.<\/p>\n<p>A pr\u00f3pria Pia, ali\u00e1s, tem no Mundial deste ano a oportunidade de um t\u00edtulo in\u00e9dito. A treinadora de 63 anos levou os Estados Unidos ao ouro ol\u00edmpico em 2008 (superando o Brasil na final) e em 2012. Na Copa do Mundo, por\u00e9m, ficou no quase algumas vezes. Como atleta ajudou a Su\u00e9cia a ficar em terceiro lugar na primeira edi\u00e7\u00e3o, em 1991. Como t\u00e9cnica foi vice-campe\u00e3 em 2011, comandando os EUA, derrotados pelo Jap\u00e3o na decis\u00e3o.<\/p>\n<p>Os n\u00fameros da treinadora no comando do Brasil s\u00e3o significativos. Em 54 jogos, s\u00e3o 33 vit\u00f3rias, 12 empates e nove derrotas, com 124 gols marcados e 40 sofridos. Em T\u00f3quio a sele\u00e7\u00e3o de Pia caiu nas quartas de final para o Canad\u00e1, nos p\u00eanaltis. No ano passado veio o primeiro t\u00edtulo oficial com o time brasileiro: a Copa Am\u00e9rica, em 2022, que garantiu lugar \u00e0 equipe na Olimp\u00edada de Paris, na Fran\u00e7a, em 2024.<\/p>\n<h2>Olho nas rivais<\/h2>\n<p>O Brasil \u00e9 uma das sete na\u00e7\u00f5es que participaram de todas as oito Copas do Mundo femininas. Na edi\u00e7\u00e3o deste ano, a primeira com 32 sele\u00e7\u00f5es e disputada em dois pa\u00edses, as brasileiras foram sorteadas no Grupo F, com sede na Austr\u00e1lia, ao lado de Fran\u00e7a, Jamaica e Panam\u00e1. A estreia ser\u00e1 na pr\u00f3xima ter\u00e7a-feira (24), \u00e0s 8h (hor\u00e1rio de Bras\u00edlia), em Adelaide, contra as panamenhas. No dia 29, \u00e0s 7h, as advers\u00e1rias ser\u00e3o as francesas, em Brisbane. Por fim, no dia 2 de agosto as brasileiras encaram as jamaicanas, novamente \u00e0s 7h, em Melbourne.<\/p>\n<p>Primeiro advers\u00e1rio do Brasil, o Panam\u00e1 \u00e9 um dos oito estreantes em Copas e a sele\u00e7\u00e3o pior colocada no ranking da Federa\u00e7\u00e3o Internacional de Futebol (Fifa) entre as que est\u00e3o na chave brasileira, na 52\u00aa posi\u00e7\u00e3o. A equipe da Am\u00e9rica Central se classificou pela repescagem mundial, eliminando o Paraguai. A convoca\u00e7\u00e3o do t\u00e9cnico mexicano Ignacio Quintana tem 12 atletas que atuam no pa\u00eds e 11 que jogam no exterior, sendo tr\u00eas na Europa e duas nos Estados Unidos.<\/p>\n<p>Das que est\u00e3o nos EUA, a defensora Hilary Ja\u00e9n, de 20 anos, ainda est\u00e1 no futebol universit\u00e1rio. A atacante Riley Tanner, de 23 anos, por sua vez, \u00e9 a primeira jogadora panamenha a atuar na liga profissional estadunidense, uma das principais do mundo. Curiosamente, ela nasceu em territ\u00f3rio norte-americano, mas escolheu defender o pa\u00eds natal da m\u00e3e.<\/p>\n<p>Na sequ\u00eancia, as brasileiras enfrentar\u00e3o seu algoz da \u00faltima Copa, a Fran\u00e7a, que naquela oportunidade levou a melhor sobre a sele\u00e7\u00e3o canarinho, ent\u00e3o dirigida por Vad\u00e3o, por 2 a 1, na prorroga\u00e7\u00e3o. Em rela\u00e7\u00e3o \u00e0 edi\u00e7\u00e3o passada, quando ca\u00edram nas quartas de final para os EUA, as francesas t\u00eam 11 remanescentes no elenco do t\u00e9cnico Herv\u00e9 Renard (o mesmo que comandou a Ar\u00e1bia Saudita no \u00faltimo Mundial masculino).<\/p>\n<p>Herv\u00e9 assumiu o posto em mar\u00e7o, substituindo Corinne Diacre, demitida ap\u00f3s desaven\u00e7as com algumas das principais jogadoras da sele\u00e7\u00e3o. Um m\u00eas antes, por exemplo, a zagueira e capit\u00e3 Wendy Renard disse que n\u00e3o defenderia mais a equipe sob comando de Diacre. A decis\u00e3o foi seguida por outros nomes importantes, como as atacantes Kadidiatou Diani e Marie-Antoinette Katoto.<\/p>\n<p>A sa\u00edda da treinadora estacou a sangria, viabilizando a volta das jogadoras. Mesmo assim, a sele\u00e7\u00e3o da Fran\u00e7a ter\u00e1 desfalques de peso na Copa, como a meia Amandine Henry (autora do gol que eliminou o Brasil h\u00e1 quatro anos) e as atacantes Delphine Cascarino e a pr\u00f3pria Katoto, todas contundidas.<\/p>\n<p>A Jamaica, \u00faltima rival da primeira fase, tamb\u00e9m n\u00e3o \u00e9 uma advers\u00e1ria desconhecida. As equipes se enfrentaram na Copa passada, com vit\u00f3ria brasileira por 3 a 0 no duelo que abriu a participa\u00e7\u00e3o de ambos. Daquele time, s\u00e3o 11 remanescentes, entre elas Khadija Shaw, principal nome da equipe. A atacante de 26 anos defende o Manchester City (Inglaterra) e foi a vice-artilheira do \u00faltimo Campeonato Ingl\u00eas, com 20 gols em 22 partidas. Na temporada, incluindo outras competi\u00e7\u00f5es, ela balan\u00e7ou as redes 31 vezes em 30 jogos.<\/p>\n<div class=\"post-item-wrap\">\n<p>A sele\u00e7\u00e3o jamaicana \u00e9 outra que passou por mudan\u00e7as recentes (e tumultuadas) de comando, com Lorne Donaldson assumindo o lugar de Vin Blane ap\u00f3s as jogadoras da equipe caribenha escreverem \u00e0 federa\u00e7\u00e3o pedindo a troca de t\u00e9cnico. Blane, por sua vez, era ele pr\u00f3prio substituto de Hubert Busby Jr., suspenso ap\u00f3s acusa\u00e7\u00f5es de ass\u00e9dio sexual quando trabalhava no Canad\u00e1, em 2011. Busby Jr. tinha sido auxiliar da sele\u00e7\u00e3o em 2019.<\/p>\n<p>Os dois primeiros colocados do Grupo F avan\u00e7am \u00e0s oitavas de final, onde ter\u00e3o pela frente os dois classificados do Grupo H, que tem Alemanha, Col\u00f4mbia, Coreia do Sul e Marrocos. O time de melhor campanha de uma chave encara o segundo colocado da outra.<\/p>\n<\/div>\n<p class=\"alt-font font-italic my-2 small text-info\"><span style=\"font-weight: 400;\">Fonte: Ag\u00eancia Brasil <\/span><\/p>\n","protected":false},"excerpt":{"rendered":"<p>Nas provas de revezamento do atletismo, a passagem do bast\u00e3o de um atleta para outro \u00e9 simb\u00f3lica. Significa dizer: \u201cfiz minha parte, agora \u00e9 sua vez\u201d. A Copa do Mundo feminina deste ano, na Austr\u00e1lia e na Nova Zel\u00e2ndia, tem esse contexto para o Brasil. Ao mesmo tempo em que Marta, maior artilheira da hist\u00f3ria [&hellip;]<\/p>\n","protected":false},"author":246,"featured_media":216170,"comment_status":"closed","ping_status":"closed","sticky":false,"template":"","format":"standard","meta":{"footnotes":""},"categories":[436,257,439],"tags":[],"class_list":["post-216169","post","type-post","status-publish","format-standard","has-post-thumbnail","hentry","category-destaque-da-semana","category-esporte","category-ultima-hora"],"_links":{"self":[{"href":"https:\/\/diarioregionaldigital.com.br\/index.php?rest_route=\/wp\/v2\/posts\/216169","targetHints":{"allow":["GET"]}}],"collection":[{"href":"https:\/\/diarioregionaldigital.com.br\/index.php?rest_route=\/wp\/v2\/posts"}],"about":[{"href":"https:\/\/diarioregionaldigital.com.br\/index.php?rest_route=\/wp\/v2\/types\/post"}],"author":[{"embeddable":true,"href":"https:\/\/diarioregionaldigital.com.br\/index.php?rest_route=\/wp\/v2\/users\/246"}],"replies":[{"embeddable":true,"href":"https:\/\/diarioregionaldigital.com.br\/index.php?rest_route=%2Fwp%2Fv2%2Fcomments&post=216169"}],"version-history":[{"count":1,"href":"https:\/\/diarioregionaldigital.com.br\/index.php?rest_route=\/wp\/v2\/posts\/216169\/revisions"}],"predecessor-version":[{"id":216171,"href":"https:\/\/diarioregionaldigital.com.br\/index.php?rest_route=\/wp\/v2\/posts\/216169\/revisions\/216171"}],"wp:featuredmedia":[{"embeddable":true,"href":"https:\/\/diarioregionaldigital.com.br\/index.php?rest_route=\/wp\/v2\/media\/216170"}],"wp:attachment":[{"href":"https:\/\/diarioregionaldigital.com.br\/index.php?rest_route=%2Fwp%2Fv2%2Fmedia&parent=216169"}],"wp:term":[{"taxonomy":"category","embeddable":true,"href":"https:\/\/diarioregionaldigital.com.br\/index.php?rest_route=%2Fwp%2Fv2%2Fcategories&post=216169"},{"taxonomy":"post_tag","embeddable":true,"href":"https:\/\/diarioregionaldigital.com.br\/index.php?rest_route=%2Fwp%2Fv2%2Ftags&post=216169"}],"curies":[{"name":"wp","href":"https:\/\/api.w.org\/{rel}","templated":true}]}}