{"id":216166,"date":"2023-07-18T02:59:18","date_gmt":"2023-07-18T05:59:18","guid":{"rendered":"https:\/\/diarioregionaldigital.com.br\/?p=216166"},"modified":"2023-07-18T02:59:18","modified_gmt":"2023-07-18T05:59:18","slug":"sao-paulo-e-flamengo-decidem-em-casa-as-semifinais-da-copa-do-brasil","status":"publish","type":"post","link":"https:\/\/diarioregionaldigital.com.br\/?p=216166","title":{"rendered":"S\u00e3o Paulo e Flamengo decidem em casa as semifinais da Copa do Brasil"},"content":{"rendered":"<p>A CBF sorteou nesta segunda-feira (17), no Rio de Janeiro, os mandos de campo das semifinais da Copa do Brasil. O Corinthians recebe o S\u00e3o Paulo, e o Gr\u00eamio encara o Flamengo nos jogos de ida no dia 26 de julho (uma quarta-feira). \u00a0Os confrontos da volta est\u00e3o previstos para\u00a016 de agosto, com S\u00e3o Paulo e Flamengo decidindo a vaga no Morumbi e no Maracan\u00e3, respectivamente.<img decoding=\"async\" src=\"https:\/\/agenciabrasil.ebc.com.br\/ebc.png?id=1544186&amp;o=node\" \/><img decoding=\"async\" src=\"https:\/\/agenciabrasil.ebc.com.br\/ebc.gif?id=1544186&amp;o=node\" \/><\/p>\n<p>Quem avan\u00e7ar garante no m\u00ednimo a premia\u00e7\u00e3o R$ 30 milh\u00f5es, valor a ser concedido pela CBF ao vice-campe\u00e3o da Copa do Brasil. J\u00e1 o clube que conquistar o t\u00edtulo de 2023, al\u00e9m do trof\u00e9u, ser\u00e1 contemplado com R$ 70 milh\u00f5es.<\/p>\n<p>O Tim\u00e3o assegurou -presen\u00e7a na semi ao superar o Am\u00e9rica-MG nos p\u00eanaltis. J\u00e1 o rival S\u00e3o Paulo se classificou ao eliminar o Palmeiras nas quartas. Na outra chave, o atual campe\u00e3o Flamengo derrotou o Athletico-PR na Arena da Baixada e o Gr\u00eamio bateu o Bahia nos p\u00eanaltis, ap\u00f3s dois\u00a0 empates consecutivos.<\/p>\n<p><span style=\"font-weight: 400;\">Fonte: Ag\u00eancia Brasil <\/span><\/p>\n","protected":false},"excerpt":{"rendered":"<p>A CBF sorteou nesta segunda-feira (17), no Rio de Janeiro, os mandos de campo das semifinais da Copa do Brasil. O Corinthians recebe o S\u00e3o Paulo, e o Gr\u00eamio encara o Flamengo nos jogos de ida no dia 26 de julho (uma quarta-feira). \u00a0Os confrontos da volta est\u00e3o previstos para\u00a016 de agosto, com S\u00e3o Paulo [&hellip;]<\/p>\n","protected":false},"author":246,"featured_media":216167,"comment_status":"closed","ping_status":"closed","sticky":false,"template":"","format":"standard","meta":{"footnotes":""},"categories":[436,257,439],"tags":[],"class_list":["post-216166","post","type-post","status-publish","format-standard","has-post-thumbnail","hentry","category-destaque-da-semana","category-esporte","category-ultima-hora"],"_links":{"self":[{"href":"https:\/\/diarioregionaldigital.com.br\/index.php?rest_route=\/wp\/v2\/posts\/216166","targetHints":{"allow":["GET"]}}],"collection":[{"href":"https:\/\/diarioregionaldigital.com.br\/index.php?rest_route=\/wp\/v2\/posts"}],"about":[{"href":"https:\/\/diarioregionaldigital.com.br\/index.php?rest_route=\/wp\/v2\/types\/post"}],"author":[{"embeddable":true,"href":"https:\/\/diarioregionaldigital.com.br\/index.php?rest_route=\/wp\/v2\/users\/246"}],"replies":[{"embeddable":true,"href":"https:\/\/diarioregionaldigital.com.br\/index.php?rest_route=%2Fwp%2Fv2%2Fcomments&post=216166"}],"version-history":[{"count":1,"href":"https:\/\/diarioregionaldigital.com.br\/index.php?rest_route=\/wp\/v2\/posts\/216166\/revisions"}],"predecessor-version":[{"id":216168,"href":"https:\/\/diarioregionaldigital.com.br\/index.php?rest_route=\/wp\/v2\/posts\/216166\/revisions\/216168"}],"wp:featuredmedia":[{"embeddable":true,"href":"https:\/\/diarioregionaldigital.com.br\/index.php?rest_route=\/wp\/v2\/media\/216167"}],"wp:attachment":[{"href":"https:\/\/diarioregionaldigital.com.br\/index.php?rest_route=%2Fwp%2Fv2%2Fmedia&parent=216166"}],"wp:term":[{"taxonomy":"category","embeddable":true,"href":"https:\/\/diarioregionaldigital.com.br\/index.php?rest_route=%2Fwp%2Fv2%2Fcategories&post=216166"},{"taxonomy":"post_tag","embeddable":true,"href":"https:\/\/diarioregionaldigital.com.br\/index.php?rest_route=%2Fwp%2Fv2%2Ftags&post=216166"}],"curies":[{"name":"wp","href":"https:\/\/api.w.org\/{rel}","templated":true}]}}