{"id":216163,"date":"2023-07-18T02:56:49","date_gmt":"2023-07-18T05:56:49","guid":{"rendered":"https:\/\/diarioregionaldigital.com.br\/?p=216163"},"modified":"2023-07-18T02:56:49","modified_gmt":"2023-07-18T05:56:49","slug":"petrucio-e-tricampeao-e-jerusa-leva-2o-ouro-em-ultimo-dia-do-mundial","status":"publish","type":"post","link":"https:\/\/diarioregionaldigital.com.br\/?p=216163","title":{"rendered":"Petr\u00facio \u00e9 tricampe\u00e3o e Jerusa leva 2\u00ba ouro em \u00faltimo dia do Mundial"},"content":{"rendered":"<p>O Brasil fechou esta segunda-feira (17),\u00a0\u00faltimo dia de Mundial de Atletismo Paral\u00edmpico, em Paris (Fran\u00e7a), com mais sete p\u00f3dios, entre eles o tricampeonato de Petr\u00facio Ferreira nos 100 metros T47 (amputados de bra\u00e7o) e o segundo ouro de Jerusa Geber, desta vez nos 200m T11 (cegas) \u2013 ambos cravaram novos recordes internacionais.\u00a0 No total, a delega\u00e7\u00e3o nacional conquistou 47 medalhas, duas a mais que a l\u00edder China, consolidando a melhor campanha da hist\u00f3ria, desde a edi\u00e7\u00e3o de Dubai (2019), quando o somou 39 medalhas. O pa\u00eds asi\u00e1tico terminou em primeiro lugar por ter conquistado mais dois ouros e tr\u00eas pratas que o Brasil.<img decoding=\"async\" src=\"https:\/\/agenciabrasil.ebc.com.br\/ebc.png?id=1544264&amp;o=node\" \/><img decoding=\"async\" src=\"https:\/\/agenciabrasil.ebc.com.br\/ebc.gif?id=1544264&amp;o=node\" \/><\/p>\n<p>Aos 26 anos, o bicampe\u00e3o paral\u00edmpico Petr\u00facio Ferreira faturou hoje sua quinta medalha em mundiais. O paraibano de 26 anos cruzou a linha de chegada dos 100m T47 em 10s37, cravando o novo recorde da competi\u00e7\u00e3o<\/p>\n<p>&#8220;Cada conquista para mim \u00e9 como se fosse a primeira. Eu sempre lembro de onde eu vim. Essa conquista vale muito para mim. Quem \u00e9 atleta sabe qual \u00e9 a nossa dedica\u00e7\u00e3o do dia a dia, os momentos dif\u00edceis que a gente passa. \u00c9 tudo por um sonho. Agrade\u00e7o \u00e0 minha fam\u00edlia, ao meu treinador Pedrinho, \u00e0 torcida e \u00e0 minha esposa, que passou v\u00e1rios momentos complicados ao meu lado. N\u00e3o larguei t\u00e3o bem, errei na mina terceira passada. Poderia ter acertado mais, mas saio feliz com meu terceiro mundial&#8221;, comemorou Petr\u00facio em depoimento \u00e0 Confedera\u00e7\u00e3o Paral\u00edmpica Brasileira.<\/p>\n<p>E teve dobradinha brasileira na prova dos 100m T47, com a prata do paranaense Jos\u00e9 Alexandre Martins (10s73), estreante do pa\u00eds na competi\u00e7\u00e3o, que j\u00e1 conquistara bronze nos 400m nesta edi\u00e7\u00e3o do Mundial. O bronze ficou com o brit\u00e2nico Kevin Santos (10s85).<\/p>\n<p>Quem tamb\u00e9m festejou muito foi a\u00a0<a href=\"https:\/\/twitter.com\/cpboficial\/status\/1680973934424891393\">acreana Jerusa Geber, que venceu nos 200m T11 (cegas) com o tempo de 24s63,\u00a0<\/a>o novo recorde da competi\u00e7\u00e3o. Foi o segundo ouro da velocista: o primeiro foi nos 100m \u00a0classe T11 (atletas cegas)., na \u00faltima quinta (13).<\/p>\n<p>&#8220;A nossa prova preferida \u00e9 a dos 100m. N\u00e3o esper\u00e1vamos fazer isso tudo nos 200m e conseguir o ouro. Quando a China est\u00e1 na prova, \u00e9 sempre com muita emo\u00e7\u00e3o. Mas sair da competi\u00e7\u00e3o com dois ouros, com dois recordes da competi\u00e7\u00e3o, e como a atleta com mais medalhas em Mundiais \u00e9 maravilhoso. S\u00f3 tenho a agradecer&#8221;, disse Jerusa<\/p>\n<p>E pela oitava vez nesta edi\u00e7\u00e3o teve p\u00f3dio duplo brasileiro. Assim como nos 100m T11, \u00a0a potiguar Thalita S\u00edmplicio (24s88) chegou em terceiro lugar e garantiu o bronze. A prata ficou com a chinesa Cuiqing Liu (24s79).<\/p>\n<p>Vice-campe\u00e3o paral\u00edmpico, o paranaense Vin\u00edcius Rodrigues amealhou a prata nos 100m classe T63 (para amputados de membros inferiores com pr\u00f3tese) nos \u00faltimos metros da prova, quando ultrapassou o alem\u00e3o Leon Schaefer, finalizando a corrida\u00a0 dois cent\u00e9simos antes, em 12s16.\u00a0 Schaefer (12s18) ficou com o bronze e o vencedor da prova foi o holand\u00eas Joel de Jong (12s09).<\/p>\n<p>&#8220;Em Dubai, fui bronze. Agora, consegui a prata. Estava contando com esse ouro, mas infelizmente n\u00e3o veio. A minha corrida foi muito boa, foi o meu melhor tempo na temporada. Agora \u00e9 analisar com meu treinador o que errei e onde posso melhorar&#8221;, afirmou Vin\u00edcius, que foi submetido a uma amputa\u00e7\u00e3o da perna esquerda acima do joelho devido a um acidente de moto.<\/p>\n<p>Emocionante tamb\u00e9m foi a conquista do bronze pela maranhense Rayane Soares, atual campe\u00e3 mundial, nos 400m T13 (defici\u00eancia visual). \u00a0Embora n\u00e3o tenha largado bem, a velocista de 26 anos se recuperou a tempo de garantir o terceiro lugar com o tempo de 57s90, apenas quatro cent\u00e9simos amenos que a francesa Nantenin Keita, quarta colocada. A medalha de ouro foi para Lamiya Valiyeva (55s34), do Azerbaij\u00e3o, e a prata para a portuguesa Carolina Duarte (55s68).<\/p>\n<p>Outro brasileiro a brilhar no \u00faltimo dia de disputas foi o catarinense Edenilson Floriani, estreante na competi\u00e7\u00e3o. Ele faturou o bronze no arremesso de peso F42 (defici\u00eancia dos membros inferiores), ao atingir a marca de 14,06m. O ouro ficou com brit\u00e2nico Aled Davies, que fez 16,16m, e a prata foi para o iraniano Sajad Mohammadian, com 14,38m.<\/p>\n<p><span style=\"font-weight: 400;\">Fonte: Ag\u00eancia Brasil <\/span><\/p>\n","protected":false},"excerpt":{"rendered":"<p>O Brasil fechou esta segunda-feira (17),\u00a0\u00faltimo dia de Mundial de Atletismo Paral\u00edmpico, em Paris (Fran\u00e7a), com mais sete p\u00f3dios, entre eles o tricampeonato de Petr\u00facio Ferreira nos 100 metros T47 (amputados de bra\u00e7o) e o segundo ouro de Jerusa Geber, desta vez nos 200m T11 (cegas) \u2013 ambos cravaram novos recordes internacionais.\u00a0 No total, a [&hellip;]<\/p>\n","protected":false},"author":246,"featured_media":216164,"comment_status":"closed","ping_status":"closed","sticky":false,"template":"","format":"standard","meta":{"footnotes":""},"categories":[436,440,257,439],"tags":[],"class_list":["post-216163","post","type-post","status-publish","format-standard","has-post-thumbnail","hentry","category-destaque-da-semana","category-destaques-do-dia","category-esporte","category-ultima-hora"],"_links":{"self":[{"href":"https:\/\/diarioregionaldigital.com.br\/index.php?rest_route=\/wp\/v2\/posts\/216163","targetHints":{"allow":["GET"]}}],"collection":[{"href":"https:\/\/diarioregionaldigital.com.br\/index.php?rest_route=\/wp\/v2\/posts"}],"about":[{"href":"https:\/\/diarioregionaldigital.com.br\/index.php?rest_route=\/wp\/v2\/types\/post"}],"author":[{"embeddable":true,"href":"https:\/\/diarioregionaldigital.com.br\/index.php?rest_route=\/wp\/v2\/users\/246"}],"replies":[{"embeddable":true,"href":"https:\/\/diarioregionaldigital.com.br\/index.php?rest_route=%2Fwp%2Fv2%2Fcomments&post=216163"}],"version-history":[{"count":1,"href":"https:\/\/diarioregionaldigital.com.br\/index.php?rest_route=\/wp\/v2\/posts\/216163\/revisions"}],"predecessor-version":[{"id":216165,"href":"https:\/\/diarioregionaldigital.com.br\/index.php?rest_route=\/wp\/v2\/posts\/216163\/revisions\/216165"}],"wp:featuredmedia":[{"embeddable":true,"href":"https:\/\/diarioregionaldigital.com.br\/index.php?rest_route=\/wp\/v2\/media\/216164"}],"wp:attachment":[{"href":"https:\/\/diarioregionaldigital.com.br\/index.php?rest_route=%2Fwp%2Fv2%2Fmedia&parent=216163"}],"wp:term":[{"taxonomy":"category","embeddable":true,"href":"https:\/\/diarioregionaldigital.com.br\/index.php?rest_route=%2Fwp%2Fv2%2Fcategories&post=216163"},{"taxonomy":"post_tag","embeddable":true,"href":"https:\/\/diarioregionaldigital.com.br\/index.php?rest_route=%2Fwp%2Fv2%2Ftags&post=216163"}],"curies":[{"name":"wp","href":"https:\/\/api.w.org\/{rel}","templated":true}]}}