{"id":216160,"date":"2023-07-18T02:48:21","date_gmt":"2023-07-18T05:48:21","guid":{"rendered":"https:\/\/diarioregionaldigital.com.br\/?p=216160"},"modified":"2023-07-18T02:48:21","modified_gmt":"2023-07-18T05:48:21","slug":"ministerio-lanca-videocast-para-debater-direitos-humanos","status":"publish","type":"post","link":"https:\/\/diarioregionaldigital.com.br\/?p=216160","title":{"rendered":"Minist\u00e9rio lan\u00e7a videocast para debater direitos humanos"},"content":{"rendered":"<p>O Minist\u00e9rio dos Direitos Humanos e da Cidadania lan\u00e7ou, nesta sexta-feira (14), um programa de\u00a0<em>videocast<\/em>\u00a0(<em>podcast\u00a0<\/em>com conte\u00fado de v\u00eddeo) para discutir assuntos relacionados ao tema. O programa Direitos Humanos pra Quem?, apresentado pelo ministro Silvio Almeida, convidar\u00e1 secret\u00e1rios da pasta, artistas e pessoas engajadas no assunto.<img decoding=\"async\" src=\"https:\/\/agenciabrasil.ebc.com.br\/ebc.png?id=1543973&amp;o=node\" \/><img decoding=\"async\" src=\"https:\/\/agenciabrasil.ebc.com.br\/ebc.gif?id=1543973&amp;o=node\" \/><\/p>\n<p>Segundo o ministro, o prop\u00f3sito do programa \u00e9 explicar para a popula\u00e7\u00e3o que os direitos humanos devem fazer parte da vida de todos os brasileiros.<\/p>\n<p>&#8220;Nos \u00faltimos tempos, vimos uma distor\u00e7\u00e3o acerca do significado de direitos humanos. Nossa miss\u00e3o \u00e9 tentar recolocar esse assunto, que \u00e9 fundamental para que possamos fazer deste pa\u00eds um pa\u00eds decente, um pa\u00eds melhor\u201d, afirmou.<\/p>\n<p>A primeira entrevistada do\u00a0<em>videocast<\/em>\u00a0foi a secret\u00e1ria nacional de Promo\u00e7\u00e3o e Defesa dos Direitos Humanos do minist\u00e9rio, Isadora Brand\u00e3o.<\/p>\n<p>Isadora disse que o papel da secretaria \u00e9 chamar aten\u00e7\u00e3o para exist\u00eancia de minorias que s\u00e3o esquecidas pela sociedade. Ela explicou que, mesmo partindo da compreens\u00e3o de que todos t\u00eam uma ess\u00eancia humana comum, e direitos iguais, existem pessoas que, por diversos fatores, ficam \u00e0 margem de um olhar e de uma aten\u00e7\u00e3o. \u201cOu seja, h\u00e1 pessoas que, pelas condi\u00e7\u00f5es econ\u00f4micas, sociais e de vulnerabilidade em que se encontram, est\u00e3o totalmente invis\u00edveis.&#8221;<\/p>\n<p>A secret\u00e1ria citou as a\u00e7\u00f5es do minist\u00e9rio no combate ao trabalho escravo dom\u00e9stico e lembrou que, nesta situa\u00e7\u00e3o, \u00e9 negada \u00e0 pessoa a constru\u00e7\u00e3o aut\u00f4noma de sua vida. &#8220;\u00c9 uma rela\u00e7\u00e3o de posse em que h\u00e1 uma limita\u00e7\u00e3o da liberdade, da capacidade de se autodeterminar. Isso envolve condi\u00e7\u00f5es degradantes de trabalho, jornadas exaustivas, aus\u00eancia de sal\u00e1rio. Muitas pessoas ainda hoje trabalham em troca de teto, abrigo e alimento.&#8221;<\/p>\n<p>Os programas podem ser assistidos nas p\u00e1ginas oficiais da pasta nas plataformas YouTube, Spotify e Deezer.<\/p>\n<p><span style=\"font-weight: 400;\">Fonte: Ag\u00eancia Brasil\u00a0<\/span><span style=\"font-weight: 400;\"><br \/>\n<\/span><\/p>\n","protected":false},"excerpt":{"rendered":"<p>O Minist\u00e9rio dos Direitos Humanos e da Cidadania lan\u00e7ou, nesta sexta-feira (14), um programa de\u00a0videocast\u00a0(podcast\u00a0com conte\u00fado de v\u00eddeo) para discutir assuntos relacionados ao tema. O programa Direitos Humanos pra Quem?, apresentado pelo ministro Silvio Almeida, convidar\u00e1 secret\u00e1rios da pasta, artistas e pessoas engajadas no assunto. Segundo o ministro, o prop\u00f3sito do programa \u00e9 explicar para [&hellip;]<\/p>\n","protected":false},"author":246,"featured_media":216161,"comment_status":"closed","ping_status":"closed","sticky":false,"template":"","format":"standard","meta":{"footnotes":""},"categories":[254,439],"tags":[],"class_list":["post-216160","post","type-post","status-publish","format-standard","has-post-thumbnail","hentry","category-politica","category-ultima-hora"],"_links":{"self":[{"href":"https:\/\/diarioregionaldigital.com.br\/index.php?rest_route=\/wp\/v2\/posts\/216160","targetHints":{"allow":["GET"]}}],"collection":[{"href":"https:\/\/diarioregionaldigital.com.br\/index.php?rest_route=\/wp\/v2\/posts"}],"about":[{"href":"https:\/\/diarioregionaldigital.com.br\/index.php?rest_route=\/wp\/v2\/types\/post"}],"author":[{"embeddable":true,"href":"https:\/\/diarioregionaldigital.com.br\/index.php?rest_route=\/wp\/v2\/users\/246"}],"replies":[{"embeddable":true,"href":"https:\/\/diarioregionaldigital.com.br\/index.php?rest_route=%2Fwp%2Fv2%2Fcomments&post=216160"}],"version-history":[{"count":1,"href":"https:\/\/diarioregionaldigital.com.br\/index.php?rest_route=\/wp\/v2\/posts\/216160\/revisions"}],"predecessor-version":[{"id":216162,"href":"https:\/\/diarioregionaldigital.com.br\/index.php?rest_route=\/wp\/v2\/posts\/216160\/revisions\/216162"}],"wp:featuredmedia":[{"embeddable":true,"href":"https:\/\/diarioregionaldigital.com.br\/index.php?rest_route=\/wp\/v2\/media\/216161"}],"wp:attachment":[{"href":"https:\/\/diarioregionaldigital.com.br\/index.php?rest_route=%2Fwp%2Fv2%2Fmedia&parent=216160"}],"wp:term":[{"taxonomy":"category","embeddable":true,"href":"https:\/\/diarioregionaldigital.com.br\/index.php?rest_route=%2Fwp%2Fv2%2Fcategories&post=216160"},{"taxonomy":"post_tag","embeddable":true,"href":"https:\/\/diarioregionaldigital.com.br\/index.php?rest_route=%2Fwp%2Fv2%2Ftags&post=216160"}],"curies":[{"name":"wp","href":"https:\/\/api.w.org\/{rel}","templated":true}]}}