{"id":216154,"date":"2023-07-18T02:45:07","date_gmt":"2023-07-18T05:45:07","guid":{"rendered":"https:\/\/diarioregionaldigital.com.br\/?p=216154"},"modified":"2023-07-18T02:45:07","modified_gmt":"2023-07-18T05:45:07","slug":"pgr-pede-acesso-a-postagens-de-bolsonaro-sobre-eleicoes","status":"publish","type":"post","link":"https:\/\/diarioregionaldigital.com.br\/?p=216154","title":{"rendered":"PGR pede acesso a postagens de Bolsonaro sobre elei\u00e7\u00f5es"},"content":{"rendered":"<p>A Procuradoria-Geral da Rep\u00fablica (PGR) pediu nesta segunda-feira\u00a0(17) que as plataformas de redes sociais apresentem todas as postagens feitas pelo ex-presidente Jair Bolsonaro sobre elei\u00e7\u00f5es, urnas eletr\u00f4nicas e assuntos envolvendo o Tribunal Superior Eleitoral (TSE), o Supremo Tribunal Federal (STF) e as For\u00e7as Armadas.<img decoding=\"async\" src=\"https:\/\/agenciabrasil.ebc.com.br\/ebc.png?id=1544261&amp;o=node\" \/><img decoding=\"async\" src=\"https:\/\/agenciabrasil.ebc.com.br\/ebc.gif?id=1544261&amp;o=node\" \/><\/p>\n<p>O pedido foi feito pelo subprocurador Carlos Frederico Santos e enviado ao ministro Alexandre de Moraes, do Supremo Tribunal Federal (STF).<\/p>\n<p>Se o envio dos dados for determinado pelo ministro, as informa\u00e7\u00f5es v\u00e3o embasar as investiga\u00e7\u00f5es sobre eventuais manifesta\u00e7\u00f5es de Bolsonaro a favor dos atos golpistas de 8 de janeiro e manifesta\u00e7\u00f5es antidemocr\u00e1ticas antes da data.<\/p>\n<p>Bolsonaro foi inclu\u00eddo na investiga\u00e7\u00e3o ap\u00f3s publicar, no dia 10 de janeiro, um v\u00eddeo que questionava a legitimidade do resultado das elei\u00e7\u00f5es de 2022. A postagem foi apagada ap\u00f3s a repercuss\u00e3o do caso, mas Moraes determinou que as plataformas preservem o material.<\/p>\n<p>Na solicita\u00e7\u00e3o, Santos tamb\u00e9m quer a lista completa com os nomes e dados de identifica\u00e7\u00e3o dos seguidores do ex-presidente nas redes sociais.<\/p>\n<p>A PGR ainda pediu \u00e0s redes sociais os dados sobre n\u00famero de visualiza\u00e7\u00f5es, curtidas, compartilhamentos e coment\u00e1rios nas postagens de Bolsonaro.<\/p>\n<p>N\u00e3o h\u00e1 prazo para decis\u00e3o de Alexandre de Moraes no caso.<\/p>\n<p><span style=\"font-weight: 400;\">Fonte: Ag\u00eancia Brasil <\/span><\/p>\n","protected":false},"excerpt":{"rendered":"<p>A Procuradoria-Geral da Rep\u00fablica (PGR) pediu nesta segunda-feira\u00a0(17) que as plataformas de redes sociais apresentem todas as postagens feitas pelo ex-presidente Jair Bolsonaro sobre elei\u00e7\u00f5es, urnas eletr\u00f4nicas e assuntos envolvendo o Tribunal Superior Eleitoral (TSE), o Supremo Tribunal Federal (STF) e as For\u00e7as Armadas. O pedido foi feito pelo subprocurador Carlos Frederico Santos e enviado [&hellip;]<\/p>\n","protected":false},"author":246,"featured_media":216155,"comment_status":"closed","ping_status":"closed","sticky":false,"template":"","format":"standard","meta":{"footnotes":""},"categories":[436,254,439],"tags":[],"class_list":["post-216154","post","type-post","status-publish","format-standard","has-post-thumbnail","hentry","category-destaque-da-semana","category-politica","category-ultima-hora"],"_links":{"self":[{"href":"https:\/\/diarioregionaldigital.com.br\/index.php?rest_route=\/wp\/v2\/posts\/216154","targetHints":{"allow":["GET"]}}],"collection":[{"href":"https:\/\/diarioregionaldigital.com.br\/index.php?rest_route=\/wp\/v2\/posts"}],"about":[{"href":"https:\/\/diarioregionaldigital.com.br\/index.php?rest_route=\/wp\/v2\/types\/post"}],"author":[{"embeddable":true,"href":"https:\/\/diarioregionaldigital.com.br\/index.php?rest_route=\/wp\/v2\/users\/246"}],"replies":[{"embeddable":true,"href":"https:\/\/diarioregionaldigital.com.br\/index.php?rest_route=%2Fwp%2Fv2%2Fcomments&post=216154"}],"version-history":[{"count":1,"href":"https:\/\/diarioregionaldigital.com.br\/index.php?rest_route=\/wp\/v2\/posts\/216154\/revisions"}],"predecessor-version":[{"id":216156,"href":"https:\/\/diarioregionaldigital.com.br\/index.php?rest_route=\/wp\/v2\/posts\/216154\/revisions\/216156"}],"wp:featuredmedia":[{"embeddable":true,"href":"https:\/\/diarioregionaldigital.com.br\/index.php?rest_route=\/wp\/v2\/media\/216155"}],"wp:attachment":[{"href":"https:\/\/diarioregionaldigital.com.br\/index.php?rest_route=%2Fwp%2Fv2%2Fmedia&parent=216154"}],"wp:term":[{"taxonomy":"category","embeddable":true,"href":"https:\/\/diarioregionaldigital.com.br\/index.php?rest_route=%2Fwp%2Fv2%2Fcategories&post=216154"},{"taxonomy":"post_tag","embeddable":true,"href":"https:\/\/diarioregionaldigital.com.br\/index.php?rest_route=%2Fwp%2Fv2%2Ftags&post=216154"}],"curies":[{"name":"wp","href":"https:\/\/api.w.org\/{rel}","templated":true}]}}