{"id":216151,"date":"2023-07-18T02:43:34","date_gmt":"2023-07-18T05:43:34","guid":{"rendered":"https:\/\/diarioregionaldigital.com.br\/?p=216151"},"modified":"2023-07-18T02:43:34","modified_gmt":"2023-07-18T05:43:34","slug":"programa-dara-apoio-a-mulheres-negras-e-parentes-vitimas-de-violencia","status":"publish","type":"post","link":"https:\/\/diarioregionaldigital.com.br\/?p=216151","title":{"rendered":"Programa dar\u00e1 apoio a mulheres negras e parentes v\u00edtimas de viol\u00eancia"},"content":{"rendered":"<p>O Minist\u00e9rio da Igualdade Racial anunciou, nesta quinta-feira (13), o lan\u00e7amento da pol\u00edtica de Promo\u00e7\u00e3o de Sa\u00fade Ps\u00edquica e Social para mulheres negras e familiares v\u00edtimas de viol\u00eancia do Estado brasileiro. \u200b\u00a0<img decoding=\"async\" src=\"https:\/\/agenciabrasil.ebc.com.br\/ebc.png?id=1543773&amp;o=node\" \/><img decoding=\"async\" src=\"https:\/\/agenciabrasil.ebc.com.br\/ebc.gif?id=1543773&amp;o=node\" \/><\/p>\n<p>Inicialmente, foram selecionados os tr\u00eas munic\u00edpios com maiores taxas de homic\u00eddio de jovens negros, de acordo com dados do\u00a0<a href=\"http:\/\/https\/\/forumseguranca.org.br\/\" target=\"_blank\" rel=\"noopener\">F\u00f3rum Brasileiro de Seguran\u00e7a P\u00fablica<\/a>. A escolha das localidades levou em conta, tamb\u00e9m, a agenda de prioridades do Plano Juventude Negra Viva, que visa reduzir a vulnerabilidade desse grupo \u00e0 viol\u00eancia. De acordo com o Minist\u00e9rio da Igualdade Racial, a implementa\u00e7\u00e3o do projeto piloto pretende fortalecer uma rede de atendimento psicossocial a m\u00e3es e familiares v\u00edtimas de viol\u00eancia. \u200b<\/p>\n<p>As a\u00e7\u00f5es do programa v\u00e3o come\u00e7ar por Salvador, Rio de Janeiro e Bel\u00e9m, como resultado da articula\u00e7\u00e3o entre os minist\u00e9rios da Igualdade Racial, dos Direitos Humanos e Cidadania, das Mulheres e do Desenvolvimento e Assist\u00eancia Social, Fam\u00edlia e Combate \u00e0 Fome.<\/p>\n<p>Para a ministra da Igualdade Racial, Anielle Franco, o Estado brasileiro deve se responsabilizar pela promo\u00e7\u00e3o da sa\u00fade ps\u00edquica e social dos parentes de v\u00edtimas da viol\u00eancia no pa\u00eds. Anielle afirma que, em geral, s\u00e3o os agentes de sa\u00fade e de assist\u00eancia social, que atuam na ponta dos sistemas p\u00fablicos, que recebem e atendem essas pessoas. \u201cEsses familiares, que s\u00e3o majoritariamente mulheres negras, s\u00e3o os protagonistas na luta por justi\u00e7a e por direitos. Sabemos que uma morte violenta impacta toda a fam\u00edlia, fazendo com que a sa\u00fade dos seus entes fique deteriorada.\u201d<\/p>\n<p>Ela diz que \u00e9 preciso qualificar esses servi\u00e7os para que as pessoas n\u00e3o sejam novamente submetidas aos \u201cprocessos de viol\u00eancia e adoecimento ao procurarem amparo no Estado&#8221;.<\/p>\n<blockquote><p>&#8220;Acolher familiares v\u00edtimas de viol\u00eancia do Estado, como a minha m\u00e3e [Marinete da Silva] e a minha fam\u00edlia, tamb\u00e9m \u00e9 uma forma de promover o m\u00ednimo de repara\u00e7\u00e3o e acolhimento que essas fam\u00edlias merecem\u201d, relembrou a ministra Anielle, irm\u00e3 mais nova da soci\u00f3loga e vereadora do Rio de Janeiro Marielle Franco, assassinada em mar\u00e7o de 2018.<\/p><\/blockquote>\n<h2>Parlamentares negras<\/h2>\n<p>O an\u00fancio da pol\u00edtica de Promo\u00e7\u00e3o de Sa\u00fade Ps\u00edquica e Social para mulheres negras v\u00edtimas de viol\u00eancia de Estado brasileiro foi feito durante caf\u00e9 da manh\u00e3 oferecido pela ministra da Igualdade Racial \u00e0 bancada de deputadas negras na C\u00e2mara Federal.<\/p>\n<p>Participaram do encontro as deputadas federais Tal\u00edria Petrone (PSOL-RJ), Reginete Bispo (PT-RS), Dandara Tonantzin (PT-MG), Carol Dartora (PT-PR) e Gisela Simona (Uni\u00e3o-MT), al\u00e9m do ministro da Secretaria de Rela\u00e7\u00f5es Institucionais da Presid\u00eancia da Rep\u00fablica, Alexandre Padilha.<\/p>\n<p>\u201cNeste m\u00eas de julho, a gente celebra o Dia [Internacional] da Mulher Negra Latino-Americana e Caribenha. Tamb\u00e9m \u00e9 o m\u00eas em que lembramos o nascimento de Marielle Franco. E que bom estarmos aqui, se \u2018aquilombando\u2019 neste caf\u00e9, que ser\u00e1 o primeiro de muitos\u201d, disse a ministra.<\/p>\n<p>A deputada Tal\u00edria Petrone ressaltou que o Brasil viveu quase quatro s\u00e9culos de escravid\u00e3o, com pouca repara\u00e7\u00e3o de direitos sociais e econ\u00f4micos para a popula\u00e7\u00e3o afro-brasileira. A parlamentar destacou que h\u00e1 um movimento de mudan\u00e7a no pa\u00eds. \u201cO 25 de Julho \u00e9 importante como um dia de den\u00fancia sobre essas dores que est\u00e3o no curso, mas, tamb\u00e9m, um dia de an\u00fancio. Precisamos fazer deste julho, deste ano hist\u00f3rico, um dia de an\u00fancio do que est\u00e1 por vir. An\u00fancio da virada, de fortalecimento da nossa democracia, que se derreteu nos \u00faltimos sete anos.\u201d<\/p>\n<blockquote><p>\u201cQuando a democracia d\u00e1 passos para tr\u00e1s, em um pa\u00eds como o nosso, quem fica pelo caminho? Somos um pa\u00eds que teve quase quatro s\u00e9culos de escravid\u00e3o, que nunca resolveu a quest\u00e3o da terra plenamente, com uma marca patriarcal muito grande\u201d, lamentou Tal\u00edria.<\/p><\/blockquote>\n<p>J\u00e1 a deputada mineira Dandara Tonantzin compartilhou a alegria de ver o Minist\u00e9rio da Igualdade Racial em atua\u00e7\u00e3o, pois, antes, era uma secretaria de governo, com status de minist\u00e9rio. \u201cA gente lutava muito para ter um espa\u00e7o, de fato, nesta Esplanada. \u00c9 uma alegria ver tantas mulheres negras produzindo neste minist\u00e9rio.\u201d<\/p>\n<blockquote><p>\u00c9 muito importante ocupar os espa\u00e7os legislativo e da pol\u00edtica, com os nossos corpos, nossas lutas. A gente percebe o quanto isso faz diferen\u00e7a\u201d, afirmou Dandara.<\/p><\/blockquote>\n<p>O ministro da Secretaria de Rela\u00e7\u00f5es Institucionais, Alexandre Padilha, destacou o\u00a0 di\u00e1logo entre o governo federal e as parlamentares negras. \u201cQuero agradecer muito a essa bancada maravilhosa de mulheres negras, tanto na C\u00e2mara quanto no Senado. V\u00e1rias senadoras fazem quest\u00e3o de trazer para o debate sobre desigualdade de g\u00eanero, no recorte racial\u201d, disse Padilha.<\/p>\n<h2>Pol\u00edtica Internacional<\/h2>\n<p>Durante o encontro, a ministra Anielle Franco informou que uma comitiva brasileira ir\u00e1 \u00e0 Col\u00f4mbia no 25 deste m\u00eas para participar do Encontro Internacional de Mulheres Afrodescendentes: Tecendo Desde a Raiz, a convite da vice-presidente da Col\u00f4mbia, Francia M\u00e1rquez, que \u00e9 negra.<\/p>\n<p>A agenda prev\u00ea a assinatura de um memorando de entendimento visando \u00e0 colabora\u00e7\u00e3o entre Brasil e Col\u00f4mbia na formula\u00e7\u00e3o de pol\u00edticas p\u00fablicas para promo\u00e7\u00e3o da igualdade racial, nas \u00e1reas de educa\u00e7\u00e3o, prote\u00e7\u00e3o dos povos tradicionais e no \u00e2mbito do Sistema Nacional de Promo\u00e7\u00e3o da Igualdade Racial.\u200b<\/p>\n<p>De acordo com o Minist\u00e9rio da Igualdade Racial, este ser\u00e1 o segundo acordo internacional sobre o tema na hist\u00f3ria do Brasil. O primeiro foi assinado com a Espanha, em maio deste ano. Pelo memorando, as duas na\u00e7\u00f5es se comprometeram a combater o racismo, a xenofobia e outras formas de discrimina\u00e7\u00e3o.<\/p>\n<p><span style=\"font-weight: 400;\"><br \/>\n<\/span><span style=\"font-weight: 400;\">Fonte: Ag\u00eancia Brasil <\/span><\/p>\n","protected":false},"excerpt":{"rendered":"<p>O Minist\u00e9rio da Igualdade Racial anunciou, nesta quinta-feira (13), o lan\u00e7amento da pol\u00edtica de Promo\u00e7\u00e3o de Sa\u00fade Ps\u00edquica e Social para mulheres negras e familiares v\u00edtimas de viol\u00eancia do Estado brasileiro. \u200b\u00a0 Inicialmente, foram selecionados os tr\u00eas munic\u00edpios com maiores taxas de homic\u00eddio de jovens negros, de acordo com dados do\u00a0F\u00f3rum Brasileiro de Seguran\u00e7a P\u00fablica. [&hellip;]<\/p>\n","protected":false},"author":246,"featured_media":216152,"comment_status":"closed","ping_status":"closed","sticky":false,"template":"","format":"standard","meta":{"footnotes":""},"categories":[436,440,254,439],"tags":[],"class_list":["post-216151","post","type-post","status-publish","format-standard","has-post-thumbnail","hentry","category-destaque-da-semana","category-destaques-do-dia","category-politica","category-ultima-hora"],"_links":{"self":[{"href":"https:\/\/diarioregionaldigital.com.br\/index.php?rest_route=\/wp\/v2\/posts\/216151","targetHints":{"allow":["GET"]}}],"collection":[{"href":"https:\/\/diarioregionaldigital.com.br\/index.php?rest_route=\/wp\/v2\/posts"}],"about":[{"href":"https:\/\/diarioregionaldigital.com.br\/index.php?rest_route=\/wp\/v2\/types\/post"}],"author":[{"embeddable":true,"href":"https:\/\/diarioregionaldigital.com.br\/index.php?rest_route=\/wp\/v2\/users\/246"}],"replies":[{"embeddable":true,"href":"https:\/\/diarioregionaldigital.com.br\/index.php?rest_route=%2Fwp%2Fv2%2Fcomments&post=216151"}],"version-history":[{"count":1,"href":"https:\/\/diarioregionaldigital.com.br\/index.php?rest_route=\/wp\/v2\/posts\/216151\/revisions"}],"predecessor-version":[{"id":216153,"href":"https:\/\/diarioregionaldigital.com.br\/index.php?rest_route=\/wp\/v2\/posts\/216151\/revisions\/216153"}],"wp:featuredmedia":[{"embeddable":true,"href":"https:\/\/diarioregionaldigital.com.br\/index.php?rest_route=\/wp\/v2\/media\/216152"}],"wp:attachment":[{"href":"https:\/\/diarioregionaldigital.com.br\/index.php?rest_route=%2Fwp%2Fv2%2Fmedia&parent=216151"}],"wp:term":[{"taxonomy":"category","embeddable":true,"href":"https:\/\/diarioregionaldigital.com.br\/index.php?rest_route=%2Fwp%2Fv2%2Fcategories&post=216151"},{"taxonomy":"post_tag","embeddable":true,"href":"https:\/\/diarioregionaldigital.com.br\/index.php?rest_route=%2Fwp%2Fv2%2Ftags&post=216151"}],"curies":[{"name":"wp","href":"https:\/\/api.w.org\/{rel}","templated":true}]}}