{"id":216148,"date":"2023-07-18T02:33:16","date_gmt":"2023-07-18T05:33:16","guid":{"rendered":"https:\/\/diarioregionaldigital.com.br\/?p=216148"},"modified":"2023-07-18T02:33:16","modified_gmt":"2023-07-18T05:33:16","slug":"estudantes-fazem-ato-no-banco-central-pela-queda-na-taxa-de-juros","status":"publish","type":"post","link":"https:\/\/diarioregionaldigital.com.br\/?p=216148","title":{"rendered":"Estudantes fazem ato no Banco Central pela queda na taxa de juros"},"content":{"rendered":"<p>Milhares de participantes do 59\u00aa Congresso Nacional da Uni\u00e3o Nacional dos Estudantes (UNE) protestaram, nesta sexta-feira (14), em frente ao pr\u00e9dio do Banco Central (BC), em Bras\u00edlia, pedindo a queda da taxa b\u00e1sica de juros, a Selic.<img decoding=\"async\" src=\"https:\/\/agenciabrasil.ebc.com.br\/ebc.png?id=1544016&amp;o=node\" \/><img decoding=\"async\" src=\"https:\/\/agenciabrasil.ebc.com.br\/ebc.gif?id=1544016&amp;o=node\" \/><\/p>\n<p>No dia 21 de junho, o Comit\u00ea de Pol\u00edtica Monet\u00e1ria (Copom) do BC\u00a0<a href=\"https:\/\/agenciabrasil.ebc.com.br\/economia\/noticia\/2023-06\/copom-mantem-juros-basicos-da-economia-em-1375-ao-ano\" target=\"_blank\" rel=\"noopener\">manteve a taxa Selic em 13,75% ao ano<\/a>, sob a justificativa de que \u201c\u00e9 compat\u00edvel com a estrat\u00e9gia de converg\u00eancia da infla\u00e7\u00e3o para o redor da meta ao longo do horizonte relevante\u201d.<\/p>\n<p>A taxa est\u00e1 nesse n\u00edvel desde agosto de 2022, e \u00e9 a maior desde janeiro de 2017. A UNE tem sido uma das entidades com atua\u00e7\u00e3o nacional mais cr\u00edtica \u00e0\u00a0pol\u00edtica de juros do BC\u00a0e tem participado de forma recorrente de atos pela queda na taxa. Os juros causam impacto no valor das mensalidades e em programas como Prouni e o Fies, que concedem bolsa e financiamento para acesso ao ensino superior.<\/p>\n<div class=\"dnd-widget-wrapper context-cheio_8colunas type-image\">\n<div class=\"dnd-atom-rendered\">\n<div class=\"shadow overflow-hidden rounded-lg d-block zoom-on-hover-sm shadow-hover w-100\"><img decoding=\"async\" class=\"flex-fill img-cover\" title=\"Wilson Dias\/Ag\u00eancia Brasil\" src=\"https:\/\/imagens.ebc.com.br\/xzt9iIeZK0Lyjw6lahg59Zz_R0s=\/754x0\/smart\/https:\/\/agenciabrasil.ebc.com.br\/sites\/default\/files\/thumbnails\/image\/pzzb9006.jpg?itok=gjZEZ9hJ\" alt=\"Bras\u00edlia (DF), 14\/07\/2023 - Participantes do 59\u00ba Congresso da Uni\u00e3o Nacional dos Estudantes (UNE), fazem ato p\u00fablico denominado Menos Juros, Mais Educa\u00e7\u00e3o, pr\u00f3ximo ao Banco Central, em Bras\u00edlia .Foto: Wilson Dias\/Ag\u00eancia Brasil\" \/><\/div>\n<\/div>\n<div class=\"dnd-caption-wrapper\">\n<h6 class=\"meta\">Participantes do 59\u00ba Congresso da UNE\u00a0promovem ato p\u00fablico denominado Menos Juros, Mais Educa\u00e7\u00e3o\u00a0&#8211;\u00a0<strong>Wilson Dias\/Ag\u00eancia Brasil<\/strong><\/h6>\n<\/div>\n<\/div>\n<p>Na noite desta quinta-feira (13), o presidente Luiz In\u00e1cio Lula da Silva participou de um ato no congresso da UNE. Na ocasi\u00e3o, ele\u00a0<a href=\"https:\/\/agenciabrasil.ebc.com.br\/educacao\/noticia\/2023-07\/lula-participa-de-congresso-da-une-e-promete-mais-universidades\" target=\"_blank\" rel=\"noopener\">prometeu ampliar<\/a>\u00a0o n\u00famero de universidades e escolas t\u00e9cnicas. A \u00faltima vez em que um presidente da Rep\u00fablica compareceu ao evento foi em 2009, quando o pr\u00f3prio Lula, durante seu segundo mandato, esteve no encontro estudantil.<\/p>\n<p>O Congresso da UNE, ou Conune, como costuma ser chamado, \u00e9 considerado o maior encontro de estudantes da Am\u00e9rica Latina e re\u00fane cerca de 10 mil participantes at\u00e9 o pr\u00f3ximo domingo (16) na capital federal.<\/p>\n<p><span style=\"font-weight: 400;\">Fonte: Ag\u00eancia Brasil <\/span><\/p>\n","protected":false},"excerpt":{"rendered":"<p>Milhares de participantes do 59\u00aa Congresso Nacional da Uni\u00e3o Nacional dos Estudantes (UNE) protestaram, nesta sexta-feira (14), em frente ao pr\u00e9dio do Banco Central (BC), em Bras\u00edlia, pedindo a queda da taxa b\u00e1sica de juros, a Selic. No dia 21 de junho, o Comit\u00ea de Pol\u00edtica Monet\u00e1ria (Copom) do BC\u00a0manteve a taxa Selic em 13,75% [&hellip;]<\/p>\n","protected":false},"author":246,"featured_media":216149,"comment_status":"closed","ping_status":"closed","sticky":false,"template":"","format":"standard","meta":{"footnotes":""},"categories":[436,261,439],"tags":[],"class_list":["post-216148","post","type-post","status-publish","format-standard","has-post-thumbnail","hentry","category-destaque-da-semana","category-economia","category-ultima-hora"],"_links":{"self":[{"href":"https:\/\/diarioregionaldigital.com.br\/index.php?rest_route=\/wp\/v2\/posts\/216148","targetHints":{"allow":["GET"]}}],"collection":[{"href":"https:\/\/diarioregionaldigital.com.br\/index.php?rest_route=\/wp\/v2\/posts"}],"about":[{"href":"https:\/\/diarioregionaldigital.com.br\/index.php?rest_route=\/wp\/v2\/types\/post"}],"author":[{"embeddable":true,"href":"https:\/\/diarioregionaldigital.com.br\/index.php?rest_route=\/wp\/v2\/users\/246"}],"replies":[{"embeddable":true,"href":"https:\/\/diarioregionaldigital.com.br\/index.php?rest_route=%2Fwp%2Fv2%2Fcomments&post=216148"}],"version-history":[{"count":1,"href":"https:\/\/diarioregionaldigital.com.br\/index.php?rest_route=\/wp\/v2\/posts\/216148\/revisions"}],"predecessor-version":[{"id":216150,"href":"https:\/\/diarioregionaldigital.com.br\/index.php?rest_route=\/wp\/v2\/posts\/216148\/revisions\/216150"}],"wp:featuredmedia":[{"embeddable":true,"href":"https:\/\/diarioregionaldigital.com.br\/index.php?rest_route=\/wp\/v2\/media\/216149"}],"wp:attachment":[{"href":"https:\/\/diarioregionaldigital.com.br\/index.php?rest_route=%2Fwp%2Fv2%2Fmedia&parent=216148"}],"wp:term":[{"taxonomy":"category","embeddable":true,"href":"https:\/\/diarioregionaldigital.com.br\/index.php?rest_route=%2Fwp%2Fv2%2Fcategories&post=216148"},{"taxonomy":"post_tag","embeddable":true,"href":"https:\/\/diarioregionaldigital.com.br\/index.php?rest_route=%2Fwp%2Fv2%2Ftags&post=216148"}],"curies":[{"name":"wp","href":"https:\/\/api.w.org\/{rel}","templated":true}]}}