{"id":216136,"date":"2023-07-15T00:49:59","date_gmt":"2023-07-15T03:49:59","guid":{"rendered":"https:\/\/diarioregionaldigital.com.br\/?p=216136"},"modified":"2023-07-15T00:49:59","modified_gmt":"2023-07-15T03:49:59","slug":"com-equipamentos-novos-pjf-atende-quase-40-bairros-com-limpeza-e-poda-de-grama-em-cinco-dias","status":"publish","type":"post","link":"https:\/\/diarioregionaldigital.com.br\/?p=216136","title":{"rendered":"Com equipamentos novos, PJF atende quase 40 bairros com limpeza e poda de grama em cinco dias"},"content":{"rendered":"<p>Segundo informa\u00e7\u00f5es do site da Prefeitura de Juiz de Fora (PJF), entre segunda-feira, 10, e esta sexta, 14, a Prefeitura de Juiz de Fora (PJF) esteve em mais de 30 locais com os trabalhos de limpeza e poda de grama, em 37 bairros de Juiz de Fora. <strong><a href=\"https:\/\/www.pjf.mg.gov.br\/noticias\/view.php?modo=link2&amp;idnoticia2=80374\">Agora contando com equipamentos novos e modernizado<\/a><\/strong><strong>s<\/strong>, trabalhadores da Empresa Municipal de Pavimenta\u00e7\u00e3o e Urbanidades (Empav) estiveram em pra\u00e7as, canteiros, trevos e campos de futebol realizando a zeladoria dos espa\u00e7os.<\/p>\n<div id=\"box_texto_noticia\">\n<p>&nbsp;<\/p>\n<p><strong>Confira os bairros atendidos nesta semana:\u00a0<\/strong><\/p>\n<p>Alto dos Passos<\/p>\n<p>Angolinha<\/p>\n<p>Ara\u00fajo<\/p>\n<p>Barbosa Lage<\/p>\n<p>Barreira do Triunfo<\/p>\n<p>Borboleta<\/p>\n<p>Cai\u00e7aras<\/p>\n<p>Centro<\/p>\n<p>Democrata<\/p>\n<p>Distrito Industrial<\/p>\n<p>F\u00e1brica<\/p>\n<p>Grama<\/p>\n<p>Granjas Bet\u00e2nia<\/p>\n<p>Humait\u00e1<\/p>\n<p>Igrejinha<\/p>\n<p>Jardim Esperan\u00e7a<\/p>\n<p>Jardim Natal<\/p>\n<p>J\u00f3quei Clube<\/p>\n<p>Linhares<\/p>\n<p>Monte Verde<\/p>\n<p>Mundo Novo<\/p>\n<p>Nova Era I<\/p>\n<p>Nova Germ\u00e2nia<\/p>\n<p>Paineiras<\/p>\n<p>Po\u00e7o Rico<\/p>\n<p>Recanto Da Mata<\/p>\n<p>Retiro<\/p>\n<p>Santa Catarina<\/p>\n<p>Santa Terezinha<\/p>\n<p>Santos Dumont<\/p>\n<p>S\u00e3o Judas Tadeu<\/p>\n<p>S\u00e3o Mateus<\/p>\n<p>S\u00e3o Pedro<\/p>\n<p>Torre\u00f5es<\/p>\n<p>Vila Almeida<\/p>\n<p>Vila Ideal<\/p>\n<p>&nbsp;<\/p>\n<p>Vale lembrar que todos os trabalhos de zeladoria do munic\u00edpio fazem parte do Programa Boniteza. A programa\u00e7\u00e3o completa das atividades realizadas pela PJF pode ser consultada atrav\u00e9s da p\u00e1gina do Gabinete, pelo<strong>\u00a0<\/strong><strong><a href=\"https:\/\/www.pjf.mg.gov.br\/gabinetecomunitario\/#onde\">link<\/a><\/strong>.<\/p>\n<\/div>\n","protected":false},"excerpt":{"rendered":"<p>Segundo informa\u00e7\u00f5es do site da Prefeitura de Juiz de Fora (PJF), entre segunda-feira, 10, e esta sexta, 14, a Prefeitura de Juiz de Fora (PJF) esteve em mais de 30 locais com os trabalhos de limpeza e poda de grama, em 37 bairros de Juiz de Fora. Agora contando com equipamentos novos e modernizados, trabalhadores [&hellip;]<\/p>\n","protected":false},"author":246,"featured_media":216137,"comment_status":"closed","ping_status":"closed","sticky":false,"template":"","format":"standard","meta":{"footnotes":""},"categories":[253,436,439],"tags":[],"class_list":["post-216136","post","type-post","status-publish","format-standard","has-post-thumbnail","hentry","category-cidade","category-destaque-da-semana","category-ultima-hora"],"_links":{"self":[{"href":"https:\/\/diarioregionaldigital.com.br\/index.php?rest_route=\/wp\/v2\/posts\/216136","targetHints":{"allow":["GET"]}}],"collection":[{"href":"https:\/\/diarioregionaldigital.com.br\/index.php?rest_route=\/wp\/v2\/posts"}],"about":[{"href":"https:\/\/diarioregionaldigital.com.br\/index.php?rest_route=\/wp\/v2\/types\/post"}],"author":[{"embeddable":true,"href":"https:\/\/diarioregionaldigital.com.br\/index.php?rest_route=\/wp\/v2\/users\/246"}],"replies":[{"embeddable":true,"href":"https:\/\/diarioregionaldigital.com.br\/index.php?rest_route=%2Fwp%2Fv2%2Fcomments&post=216136"}],"version-history":[{"count":1,"href":"https:\/\/diarioregionaldigital.com.br\/index.php?rest_route=\/wp\/v2\/posts\/216136\/revisions"}],"predecessor-version":[{"id":216138,"href":"https:\/\/diarioregionaldigital.com.br\/index.php?rest_route=\/wp\/v2\/posts\/216136\/revisions\/216138"}],"wp:featuredmedia":[{"embeddable":true,"href":"https:\/\/diarioregionaldigital.com.br\/index.php?rest_route=\/wp\/v2\/media\/216137"}],"wp:attachment":[{"href":"https:\/\/diarioregionaldigital.com.br\/index.php?rest_route=%2Fwp%2Fv2%2Fmedia&parent=216136"}],"wp:term":[{"taxonomy":"category","embeddable":true,"href":"https:\/\/diarioregionaldigital.com.br\/index.php?rest_route=%2Fwp%2Fv2%2Fcategories&post=216136"},{"taxonomy":"post_tag","embeddable":true,"href":"https:\/\/diarioregionaldigital.com.br\/index.php?rest_route=%2Fwp%2Fv2%2Ftags&post=216136"}],"curies":[{"name":"wp","href":"https:\/\/api.w.org\/{rel}","templated":true}]}}