{"id":216112,"date":"2023-07-15T00:05:44","date_gmt":"2023-07-15T03:05:44","guid":{"rendered":"https:\/\/diarioregionaldigital.com.br\/?p=216112"},"modified":"2023-07-15T00:05:44","modified_gmt":"2023-07-15T03:05:44","slug":"agua-tratada-chega-a-mais-de-500-moradores-de-distrito-em-caratinga","status":"publish","type":"post","link":"https:\/\/diarioregionaldigital.com.br\/?p=216112","title":{"rendered":"\u00c1gua tratada chega a mais de 500 moradores de distrito em Caratinga"},"content":{"rendered":"<p>Com a miss\u00e3o de levar \u00e1gua tratada com qualidade e regularidade para um n\u00famero cada vez maior de mineiros, a\u00a0<a href=\"https:\/\/www.copasa.com.br\/wps\/portal\/internet\/\" target=\"_blank\" rel=\"noopener\">Copasa<\/a>\u00a0estendeu a sua presta\u00e7\u00e3o de servi\u00e7os para os mais de 500 moradores do distrito de Dom Lara, em Caratinga, no Vale do Rio Doce.\u00a0Por meio do Universaliza Minas,\u00a0a companhia investiu cerca de R$ 920 mil em obras para a implanta\u00e7\u00e3o do Sistema de Abastecimento de \u00c1gua (SAA) do distrito.<\/p>\n<p>O programa lan\u00e7ado pela Copasa vai levar \u00e1gua tratada e saneamento para mais de 330 localidades e \u00e1reas rurais em Minas Gerais, a fim de atingir as metas do Novo Marco Legal do Saneamento at\u00e9 2033. Por meio do programa, ser\u00e3o investidos R$ 280 milh\u00f5es para beneficiar cerca de 220 mil pessoas em todo o estado.<\/p>\n<p>As obras em Dom Lara contemplaram a instala\u00e7\u00e3o e a adequa\u00e7\u00e3o de tr\u00eas po\u00e7os artesianos; implanta\u00e7\u00e3o de mais de mil metros de rede adutora de \u00e1gua bruta, que liga \u00e0s unidades de capta\u00e7\u00e3o \u00e0 Esta\u00e7\u00e3o de Tratamento de \u00c1gua (ETA); total adequa\u00e7\u00e3o da ETA; instala\u00e7\u00e3o de reservat\u00f3rio e de filtro pressurizado para remo\u00e7\u00e3o de ferro e mangan\u00eas; al\u00e9m da instala\u00e7\u00e3o de mais de dois\u00a0mil metros de rede de distribui\u00e7\u00e3o de \u00e1gua e a constru\u00e7\u00e3o de 201 unidades prediais de \u00e1gua. Foram gerados dez\u00a0empregos tempor\u00e1rios durante os trabalhos.<\/p>\n<p>A implanta\u00e7\u00e3o do sistema foi conclu\u00edda no fim de 2022 e come\u00e7ou a ser operada pela Copasa neste ano, levando mais qualidade de vida para a popula\u00e7\u00e3o. \u201cPara n\u00f3s \u00e9 muito importante termos a certeza que estamos cumprindo o prop\u00f3sito de cuidar da \u00e1gua e gerar valor para as pessoas. Assim, os moradores de Dom Lara podem ficar seguros de que est\u00e3o sendo atendidos por um Sistema de Abastecimento de \u00c1gua confi\u00e1vel e com um processo de tratamento dentro de todas as normas exigidas pelos \u00f3rg\u00e3os competentes\u201d, destacou a\u00a0gerente da Copasa em Caratinga, Ros\u00e2ngela de Faria e Coelho.<\/p>\n<p><strong>Universaliza\u00e7\u00e3o\u00a0<\/strong><\/p>\n<p>A Copasa atingiu em 2021 a marca de 99,8% dos im\u00f3veis em sua \u00e1rea de atua\u00e7\u00e3o com acesso a \u00e1gua tratada em Minas. Importante destacar que, apesar desse bom \u00edndice, a Copasa n\u00e3o atende todas as \u00e1reas dos munic\u00edpios onde tem concess\u00e3o, por isso, vai ampliar sua atua\u00e7\u00e3o, cumprindo com o primeiro item de seu estatuto social, que \u00e9 planejar, executar, ampliar, remodelar e explorar servi\u00e7os p\u00fablicos de saneamento b\u00e1sico, com vistas a contribuir para o bem-estar social e para a melhoria da qualidade de vida da popula\u00e7\u00e3o.<\/p>\n<p>O \u00edndice de universaliza\u00e7\u00e3o da coleta de esgoto atingiu 90,8% dos im\u00f3veis em sua \u00e1rea de atua\u00e7\u00e3o e 72,1% dos im\u00f3veis com disponibilidade de infraestrutura completa para tratamento do esgoto coletado. Vale ressaltar que a meta estabelecida pelo novo marco \u00e9 de 90% para esgoto coletado e tratado at\u00e9 2033.<\/p>\n<p>Em raz\u00e3o disso, a Copasa vem desenvolvendo um significativo esfor\u00e7o para aumentar\u00a0os servi\u00e7os de coleta e tratamento de esgoto, buscando a amplia\u00e7\u00e3o da cobertura com coleta, intercepta\u00e7\u00e3o dos esgotos gerados e implanta\u00e7\u00e3o de novas Esta\u00e7\u00f5es de Tratamento de Esgoto (ETEs). Essas a\u00e7\u00f5es colaboram para a qualidade dos corpos d\u2019\u00e1gua e para a sa\u00fade e qualidade de vida da popula\u00e7\u00e3o atendida.<\/p>\n<p><span style=\"font-weight: 400;\">Fonte: Ag\u00eancia Minas <\/span><\/p>\n","protected":false},"excerpt":{"rendered":"<p>Com a miss\u00e3o de levar \u00e1gua tratada com qualidade e regularidade para um n\u00famero cada vez maior de mineiros, a\u00a0Copasa\u00a0estendeu a sua presta\u00e7\u00e3o de servi\u00e7os para os mais de 500 moradores do distrito de Dom Lara, em Caratinga, no Vale do Rio Doce.\u00a0Por meio do Universaliza Minas,\u00a0a companhia investiu cerca de R$ 920 mil em [&hellip;]<\/p>\n","protected":false},"author":246,"featured_media":216113,"comment_status":"closed","ping_status":"closed","sticky":false,"template":"","format":"standard","meta":{"footnotes":""},"categories":[436,254,439],"tags":[],"class_list":["post-216112","post","type-post","status-publish","format-standard","has-post-thumbnail","hentry","category-destaque-da-semana","category-politica","category-ultima-hora"],"_links":{"self":[{"href":"https:\/\/diarioregionaldigital.com.br\/index.php?rest_route=\/wp\/v2\/posts\/216112","targetHints":{"allow":["GET"]}}],"collection":[{"href":"https:\/\/diarioregionaldigital.com.br\/index.php?rest_route=\/wp\/v2\/posts"}],"about":[{"href":"https:\/\/diarioregionaldigital.com.br\/index.php?rest_route=\/wp\/v2\/types\/post"}],"author":[{"embeddable":true,"href":"https:\/\/diarioregionaldigital.com.br\/index.php?rest_route=\/wp\/v2\/users\/246"}],"replies":[{"embeddable":true,"href":"https:\/\/diarioregionaldigital.com.br\/index.php?rest_route=%2Fwp%2Fv2%2Fcomments&post=216112"}],"version-history":[{"count":1,"href":"https:\/\/diarioregionaldigital.com.br\/index.php?rest_route=\/wp\/v2\/posts\/216112\/revisions"}],"predecessor-version":[{"id":216114,"href":"https:\/\/diarioregionaldigital.com.br\/index.php?rest_route=\/wp\/v2\/posts\/216112\/revisions\/216114"}],"wp:featuredmedia":[{"embeddable":true,"href":"https:\/\/diarioregionaldigital.com.br\/index.php?rest_route=\/wp\/v2\/media\/216113"}],"wp:attachment":[{"href":"https:\/\/diarioregionaldigital.com.br\/index.php?rest_route=%2Fwp%2Fv2%2Fmedia&parent=216112"}],"wp:term":[{"taxonomy":"category","embeddable":true,"href":"https:\/\/diarioregionaldigital.com.br\/index.php?rest_route=%2Fwp%2Fv2%2Fcategories&post=216112"},{"taxonomy":"post_tag","embeddable":true,"href":"https:\/\/diarioregionaldigital.com.br\/index.php?rest_route=%2Fwp%2Fv2%2Ftags&post=216112"}],"curies":[{"name":"wp","href":"https:\/\/api.w.org\/{rel}","templated":true}]}}