{"id":216095,"date":"2023-07-14T23:49:18","date_gmt":"2023-07-15T02:49:18","guid":{"rendered":"https:\/\/diarioregionaldigital.com.br\/?p=216095"},"modified":"2023-07-14T23:49:18","modified_gmt":"2023-07-15T02:49:18","slug":"nomeacao-de-celso-sabino-e-publicada-no-diario-oficial-da-uniao","status":"publish","type":"post","link":"https:\/\/diarioregionaldigital.com.br\/?p=216095","title":{"rendered":"Nomea\u00e7\u00e3o de Celso Sabino \u00e9 publicada no Di\u00e1rio Oficial da Uni\u00e3o"},"content":{"rendered":"<p>Uma edi\u00e7\u00e3o extra do\u00a0<em>Di\u00e1rio Oficial da Uni\u00e3o,\u00a0<\/em>publicada na tarde desta sexta-feira (14), traz a<a href=\"https:\/\/www.in.gov.br\/web\/dou\/-\/decretos-de-14-de-julho-de-2023-496662768\" target=\"_blank\" rel=\"noopener\">\u00a0nomea\u00e7\u00e3o\u00a0<\/a>do deputado federal Celso Sabino (Uni\u00e3o Brasil-PA) como novo ministro do Turismo. Ele substitui a tamb\u00e9m deputada federal Daniela Carneiro (Uni\u00e3o Brasil-RJ).<img decoding=\"async\" src=\"https:\/\/agenciabrasil.ebc.com.br\/ebc.png?id=1543974&amp;o=node\" \/><img decoding=\"async\" src=\"https:\/\/agenciabrasil.ebc.com.br\/ebc.gif?id=1543974&amp;o=node\" \/><\/p>\n<p>O convite a Sabino foi formalizado nesta quinta-feira (13), ap\u00f3s reuni\u00e3o entre o parlamentar, o presidente Luiz In\u00e1cio Lula da Silva e o ministro das Rela\u00e7\u00f5es Institucionais, Alexandre Padilha, no gabinete presidencial, em Bras\u00edlia. O an\u00fancio foi divulgado logo depois em um\u00a0<a href=\"https:\/\/agenciabrasil.ebc.com.br\/politica\/noticia\/2023-07\/celso-sabino-aceita-convite-de-lula-para-o-ministerio-do-turismo\" target=\"_blank\" rel=\"noopener\">comunicado\u00a0<\/a>\u00e0 imprensa.<\/p>\n<p>No in\u00edcio da tarde, Sabino esteve com o chefe da Casa Civil da Presid\u00eancia da Rep\u00fablica, Rui Costa, que deu boas-vindas ao colega. De acordo com a assessoria da pasta, o novo ministro do Turismo afirmou &#8220;que est\u00e1 disposto a colaborar com o governo e com muita vontade de trabalhar&#8221;.<\/p>\n<h2>Volta \u00e0 C\u00e2mara<\/h2>\n<p>Daniela Carneiro deve retomar o mandato de deputada federal pelo Rio de Janeiro, a mais votada do estado. Ela \u00e9 casada com o prefeito de Belford Roxo, Waguinho (Republicanos), um importante aliado de Lula na regi\u00e3o da Baixada Fluminense na campanha eleitoral de 2022.<\/p>\n<p>A mudan\u00e7a na pasta vinha sendo especulada desde o m\u00eas passado e j\u00e1 havia sido selada, na semana passada, em reuni\u00e3o ocorrida no Pal\u00e1cio do Planalto, entre o presidente Lula, Daniela Carneiro, Waguinho e o ministro Alexandre Padilha.<\/p>\n<h2>Indica\u00e7\u00e3o partid\u00e1ria<\/h2>\n<p>A indica\u00e7\u00e3o de Celso Sabino \u00e9 reivindica\u00e7\u00e3o dos dirigentes do Uni\u00e3o Brasil, que vinha defendendo a reformula\u00e7\u00e3o da pasta ap\u00f3s diverg\u00eancias internas com Daniela Carneiro, que chegou a anunciar a sa\u00edda da legenda.<\/p>\n<p>O partido tem uma das maiores bancadas na C\u00e2mara dos Deputados \u2013 59 parlamentares. Na montagem do governo, al\u00e9m do Minist\u00e9rio do Turismo, o partido indicou os titulares da pasta da Integra\u00e7\u00e3o e Desenvolvimento Regional, Waldez G\u00f3es, pr\u00f3ximo ao senador Davi Alcolumbre (Uni\u00e3o-AP); e o das Comunica\u00e7\u00f5es, Juscelino Filho, que tamb\u00e9m veio da base do partido na C\u00e2mara.<\/p>\n<h2>Despedida<\/h2>\n<p>Em v\u00eddeo publicado nas redes sociais ap\u00f3s a oficializa\u00e7\u00e3o de sua sa\u00edda do cargo, a agora ex-ministra afirmou ter cumprido sua miss\u00e3o, mesmo ap\u00f3s ter assumido uma pasta com o menor or\u00e7amento e uma estrutura sucateada.<\/p>\n<p>\u201cSaio como entrei, com a cabe\u00e7a erguida, sabendo que, apesar do cen\u00e1rio adverso, um minist\u00e9rio sucateado com a menor estrutura e o menor or\u00e7amento desde a sua cria\u00e7\u00e3o, consegui, juntamente com uma equipe t\u00e9cnica comprometida e aguerrida, realizar entregas importantes para o turismo brasileiro\u201d, afirmou. O or\u00e7amento dos minist\u00e9rios \u00e9 definido pela Lei Or\u00e7ament\u00e1ria Anual (LOA), aprovada sempre no final do exerc\u00edcio anterior pelo Congresso Nacional a partir de projeto enviado pelo Poder Executivo.<\/p>\n<p>Daniela Carneiro destacou iniciativas voltadas para qualifica\u00e7\u00e3o, inclus\u00e3o e acessibilidade, incluindo a publica\u00e7\u00e3o de guias de como atender bem a pessoas com defici\u00eancia, idosos, LGBTQIA+. A ex-ministra tamb\u00e9m disse ter orgulho de ter debatido a necessidade do &#8220;barateamento do pre\u00e7o de passagens a\u00e9reas&#8221;.<\/p>\n<p><span style=\"font-weight: 400;\">Fonte: Ag\u00eancia Brasil <\/span><\/p>\n","protected":false},"excerpt":{"rendered":"<p>Uma edi\u00e7\u00e3o extra do\u00a0Di\u00e1rio Oficial da Uni\u00e3o,\u00a0publicada na tarde desta sexta-feira (14), traz a\u00a0nomea\u00e7\u00e3o\u00a0do deputado federal Celso Sabino (Uni\u00e3o Brasil-PA) como novo ministro do Turismo. Ele substitui a tamb\u00e9m deputada federal Daniela Carneiro (Uni\u00e3o Brasil-RJ). O convite a Sabino foi formalizado nesta quinta-feira (13), ap\u00f3s reuni\u00e3o entre o parlamentar, o presidente Luiz In\u00e1cio Lula da [&hellip;]<\/p>\n","protected":false},"author":246,"featured_media":216096,"comment_status":"closed","ping_status":"closed","sticky":false,"template":"","format":"standard","meta":{"footnotes":""},"categories":[436,261,439],"tags":[],"class_list":["post-216095","post","type-post","status-publish","format-standard","has-post-thumbnail","hentry","category-destaque-da-semana","category-economia","category-ultima-hora"],"_links":{"self":[{"href":"https:\/\/diarioregionaldigital.com.br\/index.php?rest_route=\/wp\/v2\/posts\/216095","targetHints":{"allow":["GET"]}}],"collection":[{"href":"https:\/\/diarioregionaldigital.com.br\/index.php?rest_route=\/wp\/v2\/posts"}],"about":[{"href":"https:\/\/diarioregionaldigital.com.br\/index.php?rest_route=\/wp\/v2\/types\/post"}],"author":[{"embeddable":true,"href":"https:\/\/diarioregionaldigital.com.br\/index.php?rest_route=\/wp\/v2\/users\/246"}],"replies":[{"embeddable":true,"href":"https:\/\/diarioregionaldigital.com.br\/index.php?rest_route=%2Fwp%2Fv2%2Fcomments&post=216095"}],"version-history":[{"count":1,"href":"https:\/\/diarioregionaldigital.com.br\/index.php?rest_route=\/wp\/v2\/posts\/216095\/revisions"}],"predecessor-version":[{"id":216097,"href":"https:\/\/diarioregionaldigital.com.br\/index.php?rest_route=\/wp\/v2\/posts\/216095\/revisions\/216097"}],"wp:featuredmedia":[{"embeddable":true,"href":"https:\/\/diarioregionaldigital.com.br\/index.php?rest_route=\/wp\/v2\/media\/216096"}],"wp:attachment":[{"href":"https:\/\/diarioregionaldigital.com.br\/index.php?rest_route=%2Fwp%2Fv2%2Fmedia&parent=216095"}],"wp:term":[{"taxonomy":"category","embeddable":true,"href":"https:\/\/diarioregionaldigital.com.br\/index.php?rest_route=%2Fwp%2Fv2%2Fcategories&post=216095"},{"taxonomy":"post_tag","embeddable":true,"href":"https:\/\/diarioregionaldigital.com.br\/index.php?rest_route=%2Fwp%2Fv2%2Ftags&post=216095"}],"curies":[{"name":"wp","href":"https:\/\/api.w.org\/{rel}","templated":true}]}}