{"id":216078,"date":"2023-07-13T20:30:03","date_gmt":"2023-07-13T23:30:03","guid":{"rendered":"https:\/\/diarioregionaldigital.com.br\/?p=216078"},"modified":"2023-07-13T20:30:03","modified_gmt":"2023-07-13T23:30:03","slug":"mulheres-negras-na-historia-de-juiz-de-fora-e-debate-sobre-representatividade-marcam-o-25-de-julho","status":"publish","type":"post","link":"https:\/\/diarioregionaldigital.com.br\/?p=216078","title":{"rendered":"Mulheres Negras na hist\u00f3ria de Juiz de Fora e debate sobre representatividade marcam o 25 de julho"},"content":{"rendered":"<p>Segundo informa\u00e7\u00f5es do site da Prefeitura de Juiz de Fora (PJF), o dia 25 de julho \u00e9 o Dia Internacional da Mulher Negra, Latino-Americana e Afro Caribenha e o Dia Municipal da Mulher Negra Cirene Candanda. Para celebrar a data, que\u00a0refor\u00e7a a import\u00e2ncia da luta das mulheres negras por respeito e representatividade, a Prefeitura de Juiz de Fora (PJF) promove, na ter\u00e7a-feira, 25, a roda de conversa \u201cMulheres Pretas nos espa\u00e7os de poder\u201d.<br \/>\nO evento, organizado pela Secretaria Especial de Direitos Humanos (SEDH), ir\u00e1 abordar quest\u00f5es como representatividade, tomada de decis\u00f5es e desafios di\u00e1rios ser\u00e1 \u00e0s 15h, no Audit\u00f3rio Cirene Candanda, na Casa dos Conselhos, localizada na Rua Halfeld, n\u00ba 450, 7\u00ba andar. Participam da atividade a diretora-geral da Funda\u00e7\u00e3o Cultural Alfredo Ferreira Lage (Funalfa), Giane Elisa; a secret\u00e1ria municipal de Agricultura, Pecu\u00e1ria e Abastecimento, Fabiola Paulino; a subcomandante da Guarda Municipal, Elaine Maria da Silva; e a coordenadora de pol\u00edticas para as mulheres da SEDH, Samara Miranda.<br \/>\nTamb\u00e9m como forma de celebrar a data, \u00e9 lan\u00e7ada a iniciativa \u201cMulheres Negras na Hist\u00f3ria\u201d. Oito pra\u00e7as de Juiz de Fora v\u00e3o receber placas que ir\u00e3o contar a trajet\u00f3ria destas cidad\u00e3s juizforanas. S\u00e3o elas: Roza Cabinda, Cirene Izidorio Candanda, Maria Euz\u00e9bia Delfino, Almerinda da Silva Hora, Ver\u00f4nica Francisca de Carvalho Castro, Georgina do Carmo Sales de Almeida, Gabriela do Carmo Santana Crochet e Nancy de Carvalho.<\/p>\n","protected":false},"excerpt":{"rendered":"<p>Segundo informa\u00e7\u00f5es do site da Prefeitura de Juiz de Fora (PJF), o dia 25 de julho \u00e9 o Dia Internacional da Mulher Negra, Latino-Americana e Afro Caribenha e o Dia Municipal da Mulher Negra Cirene Candanda. Para celebrar a data, que\u00a0refor\u00e7a a import\u00e2ncia da luta das mulheres negras por respeito e representatividade, a Prefeitura de [&hellip;]<\/p>\n","protected":false},"author":246,"featured_media":216079,"comment_status":"closed","ping_status":"closed","sticky":false,"template":"","format":"standard","meta":{"footnotes":""},"categories":[253,436,439],"tags":[],"class_list":["post-216078","post","type-post","status-publish","format-standard","has-post-thumbnail","hentry","category-cidade","category-destaque-da-semana","category-ultima-hora"],"_links":{"self":[{"href":"https:\/\/diarioregionaldigital.com.br\/index.php?rest_route=\/wp\/v2\/posts\/216078","targetHints":{"allow":["GET"]}}],"collection":[{"href":"https:\/\/diarioregionaldigital.com.br\/index.php?rest_route=\/wp\/v2\/posts"}],"about":[{"href":"https:\/\/diarioregionaldigital.com.br\/index.php?rest_route=\/wp\/v2\/types\/post"}],"author":[{"embeddable":true,"href":"https:\/\/diarioregionaldigital.com.br\/index.php?rest_route=\/wp\/v2\/users\/246"}],"replies":[{"embeddable":true,"href":"https:\/\/diarioregionaldigital.com.br\/index.php?rest_route=%2Fwp%2Fv2%2Fcomments&post=216078"}],"version-history":[{"count":1,"href":"https:\/\/diarioregionaldigital.com.br\/index.php?rest_route=\/wp\/v2\/posts\/216078\/revisions"}],"predecessor-version":[{"id":216080,"href":"https:\/\/diarioregionaldigital.com.br\/index.php?rest_route=\/wp\/v2\/posts\/216078\/revisions\/216080"}],"wp:featuredmedia":[{"embeddable":true,"href":"https:\/\/diarioregionaldigital.com.br\/index.php?rest_route=\/wp\/v2\/media\/216079"}],"wp:attachment":[{"href":"https:\/\/diarioregionaldigital.com.br\/index.php?rest_route=%2Fwp%2Fv2%2Fmedia&parent=216078"}],"wp:term":[{"taxonomy":"category","embeddable":true,"href":"https:\/\/diarioregionaldigital.com.br\/index.php?rest_route=%2Fwp%2Fv2%2Fcategories&post=216078"},{"taxonomy":"post_tag","embeddable":true,"href":"https:\/\/diarioregionaldigital.com.br\/index.php?rest_route=%2Fwp%2Fv2%2Ftags&post=216078"}],"curies":[{"name":"wp","href":"https:\/\/api.w.org\/{rel}","templated":true}]}}