{"id":216075,"date":"2023-07-13T20:27:53","date_gmt":"2023-07-13T23:27:53","guid":{"rendered":"https:\/\/diarioregionaldigital.com.br\/?p=216075"},"modified":"2023-07-13T20:27:53","modified_gmt":"2023-07-13T23:27:53","slug":"guarda-municipal-combate-de-incendio-em-vegetacao-proximo-ao-parque-da-lajinha","status":"publish","type":"post","link":"https:\/\/diarioregionaldigital.com.br\/?p=216075","title":{"rendered":"Guarda Municipal combate de inc\u00eandio em vegeta\u00e7\u00e3o pr\u00f3ximo ao Parque da Lajinha"},"content":{"rendered":"<p>Segundo informa\u00e7\u00f5es do site da Prefeitura de Juiz de Fora (PJF), na tarde desta quarta-feira, 12, uma equipe da Guarda Municipal, que fazia ronda de rotina no Parque da Lajinha, percebeu uma coluna de fuma\u00e7a que se erguia na parte superior do campo, nas imedia\u00e7\u00f5es da Associa\u00e7\u00e3o Atl\u00e9tica do Banco do Brasil (AABB). Em verifica\u00e7\u00e3o no local, acess\u00edvel pelo Dom Bosco, identificou-se grande por\u00e7\u00e3o de vegeta\u00e7\u00e3o j\u00e1 consumida pelas chamas na intersec\u00e7\u00e3o dos terrenos do Parque, do Hospital Universit\u00e1rio (HU) e da AABB. Duas guarni\u00e7\u00f5es da Guarda atuaram at\u00e9 a extin\u00e7\u00e3o dos focos ainda ativos, evitando que o fogo ressurgisse e se alastrasse para a mata do Parque da Lajinha e imedia\u00e7\u00f5es.<br \/>\nDe acordo com a subcomandante da Guarda Municipal, Elaine Silva, desde o in\u00edcio do m\u00eas, foram intensificados os patrulhamentos preventivos nas \u00e1reas de preserva\u00e7\u00e3o ambiental. \u201cS\u00e3o rondas rotineiras, feitas pela equipe da supervis\u00e3o de Prote\u00e7\u00e3o Ambiental da Guarda para que possamos manter o monitoramento da situa\u00e7\u00e3o de preserva\u00e7\u00e3o destes ambientes no per\u00edodo de seca e reduzir a incid\u00eancia de inc\u00eandios\u201d, explica. Entre as \u00e1reas atendidas, est\u00e3o as margens do rio Paraibuna, o Morro do Imperador, a Reserva Biol\u00f3gica (Rebio) Po\u00e7o d\u2019Anta, a Unidade de Conserva\u00e7\u00e3o (UC) do Parque da Lajinha, o Parque Municipal, o Museu Mariano Proc\u00f3pio, \u00c1reas de Prote\u00e7\u00e3o Permanente (APPs) Terras Altas, Pedras Preciosas e Bandeirantes; \u00c1reas de Prote\u00e7\u00e3o Ambiental (APAs) do Bairu, Vale Verde, S\u00e3o Dami\u00e3o, Santa C\u00e2ndida, Verbo Divino.<br \/>\nAl\u00e9m de causar danos ambientais \u00e0 sa\u00fade humana, provocar inc\u00eandio em \u00e1rea urbana \u00e9 crime. De acordo com o artigo 250 do C\u00f3digo Penal, atear fogo sem autoriza\u00e7\u00e3o do Instituto Brasileiro de Meio Ambiente (Ibama), do Instituto Estadual de Florestas (IEF) ou demais \u00f3rg\u00e3os competentes \u00e9 crime ambiental e pode render penalidades administrativas, multas e at\u00e9 reclus\u00e3o de seis meses a quatro anos. J\u00e1 a lei de crimes ambientais-9.605\/98, em seu artigo 54 estabelece que causar polui\u00e7\u00e3o de qualquer natureza em n\u00edveis tais que resultem ou possam resultar em danos \u00e0 sa\u00fade humana, ou que provoquem a destrui\u00e7\u00e3o significativa da flora, pode gerar pena de reclus\u00e3o de um a quatro anos, mais multa.<br \/>\nA Guarda alerta para os riscos de um pequeno foco de inc\u00eandio. Devido ao per\u00edodo de estiagem, em que as taxas de umidade do ar s\u00e3o reduzidas, a propaga\u00e7\u00e3o de inc\u00eandio em \u00e1reas de cobertura vegetal, j\u00e1 secas, \u00e9 potencializada. Uma simples ponta de cigarro, um resto de fogueira ou a pr\u00e1tica de colocar fogo em lixo e terrenos baldios. A queimada em \u00e1rea urbana \u00e9 proibida. A perda do controle pode gerar danos como inc\u00eandios florestais, com destrui\u00e7\u00e3o da flora e da fauna e at\u00e9 perda de vidas humanas.<\/p>\n<p>A Guarda Municipal possui profissionais treinados, pelo Corpo de Bombeiros Militar para a atua\u00e7\u00e3o em brigada de inc\u00eandio florestal, j\u00e1 tendo atuado em diversas ocorr\u00eancias desta natureza. A atividade compreende apoio em controle de focos de inc\u00eandio em \u00e1reas de preserva\u00e7\u00e3o ambiental da cidade. \u00c1reas constantemente monitoradas por rondas ambientais preventivas a fim de avaliar as condi\u00e7\u00f5es de preserva\u00e7\u00e3o e prevenir a incid\u00eancia de danos ambientais como inc\u00eandios.<\/p>\n<div><\/div>\n","protected":false},"excerpt":{"rendered":"<p>Segundo informa\u00e7\u00f5es do site da Prefeitura de Juiz de Fora (PJF), na tarde desta quarta-feira, 12, uma equipe da Guarda Municipal, que fazia ronda de rotina no Parque da Lajinha, percebeu uma coluna de fuma\u00e7a que se erguia na parte superior do campo, nas imedia\u00e7\u00f5es da Associa\u00e7\u00e3o Atl\u00e9tica do Banco do Brasil (AABB). Em verifica\u00e7\u00e3o [&hellip;]<\/p>\n","protected":false},"author":246,"featured_media":216076,"comment_status":"closed","ping_status":"closed","sticky":false,"template":"","format":"standard","meta":{"footnotes":""},"categories":[253,436,439],"tags":[],"class_list":["post-216075","post","type-post","status-publish","format-standard","has-post-thumbnail","hentry","category-cidade","category-destaque-da-semana","category-ultima-hora"],"_links":{"self":[{"href":"https:\/\/diarioregionaldigital.com.br\/index.php?rest_route=\/wp\/v2\/posts\/216075","targetHints":{"allow":["GET"]}}],"collection":[{"href":"https:\/\/diarioregionaldigital.com.br\/index.php?rest_route=\/wp\/v2\/posts"}],"about":[{"href":"https:\/\/diarioregionaldigital.com.br\/index.php?rest_route=\/wp\/v2\/types\/post"}],"author":[{"embeddable":true,"href":"https:\/\/diarioregionaldigital.com.br\/index.php?rest_route=\/wp\/v2\/users\/246"}],"replies":[{"embeddable":true,"href":"https:\/\/diarioregionaldigital.com.br\/index.php?rest_route=%2Fwp%2Fv2%2Fcomments&post=216075"}],"version-history":[{"count":1,"href":"https:\/\/diarioregionaldigital.com.br\/index.php?rest_route=\/wp\/v2\/posts\/216075\/revisions"}],"predecessor-version":[{"id":216077,"href":"https:\/\/diarioregionaldigital.com.br\/index.php?rest_route=\/wp\/v2\/posts\/216075\/revisions\/216077"}],"wp:featuredmedia":[{"embeddable":true,"href":"https:\/\/diarioregionaldigital.com.br\/index.php?rest_route=\/wp\/v2\/media\/216076"}],"wp:attachment":[{"href":"https:\/\/diarioregionaldigital.com.br\/index.php?rest_route=%2Fwp%2Fv2%2Fmedia&parent=216075"}],"wp:term":[{"taxonomy":"category","embeddable":true,"href":"https:\/\/diarioregionaldigital.com.br\/index.php?rest_route=%2Fwp%2Fv2%2Fcategories&post=216075"},{"taxonomy":"post_tag","embeddable":true,"href":"https:\/\/diarioregionaldigital.com.br\/index.php?rest_route=%2Fwp%2Fv2%2Ftags&post=216075"}],"curies":[{"name":"wp","href":"https:\/\/api.w.org\/{rel}","templated":true}]}}