{"id":216068,"date":"2023-07-13T20:15:24","date_gmt":"2023-07-13T23:15:24","guid":{"rendered":"https:\/\/diarioregionaldigital.com.br\/?p=216068"},"modified":"2023-07-13T20:15:52","modified_gmt":"2023-07-13T23:15:52","slug":"acreana-vence-os-100m-em-prova-com-podio-duplo-brasileiro-nesta-quinta-feira-13-no-mundial-de-paris","status":"publish","type":"post","link":"https:\/\/diarioregionaldigital.com.br\/?p=216068","title":{"rendered":"Acreana vence os 100m em prova com p\u00f3dio duplo brasileiro nesta quinta-feira, 13, no Mundial de Paris"},"content":{"rendered":"<p>A acreana Jerusa Geber venceu uma das provas mais aguardadas desta quinta-feira, 13, no\u00a0<a href=\"https:\/\/www.cpb.org.br\/noticia\/detalhe\/5376\/brasil-mantem-embalo-e-conquista-mais-um-ouro-e-uma-prata-na-madrugada-de-quinta-feira-13-no-mundial-de-atletismo-paralimpico\" target=\"_blank\" rel=\"noopener\"><u><strong>Mundial de atletismo paral\u00edmpic<\/strong><\/u><\/a><u><strong>o<\/strong><\/u>\u00a0em Paris, na Fran\u00e7a. Conquistou a medalha de ouro nos 100m da classe T11 (cegas), que ainda teve a potiguar Thalita Simpl\u00edcio na terceira coloca\u00e7\u00e3o.<\/p>\n<p>Com isso,\u00a0<a href=\"https:\/\/cpb.org.br\/noticia\/detalhe\/5373\/com-10-medalhas-em-um-unico-dia-brasil-assume-a-vice-lideranca-do-mundial-de-atletismo-de-paris\" target=\"_blank\" rel=\"noopener\"><u><strong>o pa\u00eds permanece na vice-lideran\u00e7a<\/strong><\/u><\/a>\u00a0do quadro geral de medalhas da competi\u00e7\u00e3o, com 24 p\u00f3dios no total, sendo nove ouros, seis pratas e nove bronzes. Os brasileiros est\u00e3o somente atr\u00e1s da China, com 25 no total \u2013 11 ouros, oito pratas e seis bronzes.<\/p>\n<p>O Brasil est\u00e1 representado por\u00a0<a href=\"https:\/\/cpb.org.br\/noticia\/detalhe\/5331\/confira-o-raio-x-da-selecao-brasileira-de-atletismo-paralimpico-que-vai-disputar-o-mundial-em-paris\" target=\"_blank\" rel=\"noopener\"><u><strong>54 atletas de 19 Estados e 11 atletas-guia<\/strong><\/u><\/a>\u00a0na competi\u00e7\u00e3o. O Mundial de atletismo de Paris \u00e9 o primeiro da modalidade ap\u00f3s os Jogos Paral\u00edmpicos de T\u00f3quio 2020 e acontece no Est\u00e1dio Charlety. O local tem capacidade para 20 mil pessoas e pertence ao clube de futebol Paris FC, da segunda divis\u00e3o francesa.<\/p>\n<p>Na prova dos 100m T11, Jerusa largou bem e liderou a disputa de ponta a ponta. Finalizou em 11s86 e ainda cravou o novo recorde da competi\u00e7\u00e3o. A atleta, que nasceu em Rio Branco e \u00e9 totalmente cega,\u00a0<a href=\"https:\/\/www.cpb.org.br\/noticia\/detalhe\/5020\/jerusa-geber-quebra-recorde-mundial-dos-100m-entre-atletas-cegas-no-circuito-loterias-caixa-de-atletismo\" target=\"_blank\" rel=\"noopener\"><u><strong>\u00e9 a atual recordista mundial da prova<\/strong><\/u><\/a>, com o tempo de 11s83 registrados durante a 1\u00aa Fase Nacional do Circuito Loterias Caixa de atletismo, em mar\u00e7o, no Centro de Treinamento Paral\u00edmpico, em S\u00e3o Paulo.<\/p>\n<p>&#8220;Estamos aqui porque fazemos o que a gente ama. \u00c9 meu bicampeonato mundial nesta prova, s\u00f3 tenho a agradecer. Os 100m s\u00e3o muito t\u00e9cnicos, n\u00e3o pode errar em nada, temos que estar atentos, pois qualquer descuido podemos perder por mil\u00e9simos. Mas deu tudo certo&#8221;, afirmou Jerusa.<\/p>\n<p>Essa foi a oitava medalha de Jerusa em Mundiais. Antes, havia conquistado o ouro nos 100m em Dubai 2019; prata nos 100m em Doha 2015; prata nos 100m e nos 200m em Lyon 2013; ouro no revezamento 4x100m, prata nos 100m e nos 200m na Nova Zel\u00e2ndia 2011.\u00a0Ela \u00e9, ao lado do capixaba Daniel Mendes, a atleta com mais medalhas em Mundiais da delega\u00e7\u00e3o brasileira em Paris.<\/p>\n<p>A chinesa Cuiqing Liu ficou com a medalha de prata ao completar a dist\u00e2ncia em 12s30. A potiguar Thalita Simpl\u00edcio, medalhista de ouro nos 400m na \u00faltima ter\u00e7a-feira, 11, fez a dobradinha do Brasil no p\u00f3dio ao conseguir o bronze com a marca de 12s37.<\/p>\n<p>A prova ainda contou com a participa\u00e7\u00e3o de outra brasileira, a paranaense Lorena Spoladore, que vinha na disputa pela segunda coloca\u00e7\u00e3o da prova quando sofreu uma queda a poucos metros da linha de chegada e perdeu a chance de conseguir a sua segunda medalha no Mundial \u2013 antes, havia sido prata no salto em dist\u00e2ncia no \u00faltimo domingo, 9.<\/p>\n<p>&#8220;Eu esperava o p\u00f3dio triplo brasileiro, mas sab\u00edamos que a chinesa viria forte tamb\u00e9m. Foi uma prova boa. Ficamos felizes pela medalha, mas triste ao mesmo tempo com a Lorena. Espero que ela fique bem&#8221;, completou Thalita, que nasceu com glaucoma.<\/p>\n<p>J\u00e1 no final do dia, pelas eliminat\u00f3rias dos 400m T47 (amputados de bra\u00e7o), o paulista Lucas Lima e o paranaense Jos\u00e9 Alexandre conseguiram avan\u00e7ar \u00e0 final da prova. Lucas chegou em terceiro em sua bateria com o tempo de 49s91, enquanto Jos\u00e9 Alexandre liderou a sua disputa de ponta a ponta e finalizou em 49s74. A decis\u00e3o acontece nesta sexta-feira, 14, \u00e0s 14h29 (de Bras\u00edlia).<\/p>\n<p>&#8220;\u00c9 o meu primeiro Mundial adulto e, j\u00e1 estar entre os melhores do mundo, significa muito para mim. Isso mostra que o planejamento e os treinos que fizemos l\u00e1 no Brasil foi muito bom. Estamos conseguindo colocar em pr\u00e1tica tudo o que foi pensado para chegar aqui em Paris da melhor forma poss\u00edvel&#8221;, analisou Jos\u00e9 Alexandre, que\u00a0tem m\u00e1-forma\u00e7\u00e3o cong\u00eanita no bra\u00e7o esquerdo<\/p>\n<p>No total, foram quatro medalhas do pa\u00eds no dia em Paris. Pela manh\u00e3 na capital francesa (madrugada no Brasil), o sul-mato-grossense Yeltsin Jacques levou o ouro na prova dos 1.500m da classe T11 (atletas com defici\u00eancia visual). O sul-mato-grossense, que havia conquistado o bronze nos 5.000m, chegou em primeiro lugar nos 1.500m e ainda bateu o recorde da competi\u00e7\u00e3o, com 4min03s83.<\/p>\n<p>J\u00e1 a baiana Raissa Machado conquistou a medalha de prata no lan\u00e7amento de dardo da classe F56 (que competem sentados). A atleta, que nasceu com m\u00e1-forma\u00e7\u00e3o nas pernas, atingiu a marca de 23,05m e ficou atr\u00e1s apenas dos 25,81m de Diana Krumina, da Let\u00f4nia. A iraniana Hashemiyeh Motaghian levou o bronze, com 22,95m.<br \/>\n<strong><br \/>\nConfira a programa\u00e7\u00e3o dos brasileiros no Mundial de atletismo Paris 2023 nesta sexta-feira, 14, com os hor\u00e1rios de Bras\u00edlia:<\/strong><br \/>\n<strong><br \/>\nA partir 4h20 \/ 9h20 \u2013 100m T11 (round 1)<\/strong><br \/>\nDaniel Mendes<br \/>\nFelipe Gomes<\/p>\n<p><strong>5h10 ou 5h18 \/ 10h10 ou 10h18 \u2013 200m T36 (round 1)<\/strong><br \/>\nSamira Brito<\/p>\n<p><strong>5h27 ou 5h35 \/ 10h27 ou 10h35 \u2013 100m T53 (round 1)<\/strong><br \/>\nAriosvaldo Fernandes (Parr\u00e9)<\/p>\n<p><strong>5h45 ou 5h53 \/ 10h45 ou 10h53 \u2013 100m T36 (round 1)<\/strong><br \/>\nRodrigo Parreira<\/p>\n<p><strong>6h03 \/ 11h03 \u2013 400m T37 (final)<\/strong><br \/>\nBartolomeu Silva<\/p>\n<p><strong>13h34 \/ 18h34 \u2013 Arremesso de peso F32 (final)<\/strong><br \/>\nWanna Brito<\/p>\n<p><strong>13h42 ou 13h50 \/ 18h42 ou 18h50 \u2013 400m T13 (round 1)<\/strong><br \/>\nSamuel Eckert<\/p>\n<p><strong>14h04 ou 14h12 \/ 19h04 ou 19h12 \u2013 400m T20 (semifinais)<\/strong><br \/>\nSamuel Concei\u00e7\u00e3o<br \/>\nDaniel Martins<\/p>\n<p><strong>14h20 \/ 19h20 \u2013 400m T47 (final)<\/strong><br \/>\nFernanda Yara<br \/>\nMaria Clara Augusto<\/p>\n<p><strong>14h25 \/ 19h25 \u2013 Arremesso de peso T47 (final)<\/strong><br \/>\nSuzana Nahirnei<\/p>\n<p><strong>14h29 \/ 19h29 \u2013 400m T47 (final)<\/strong><br \/>\nJos\u00e9 Alexandre<br \/>\nLucas Lima<\/p>\n<p><strong>14h39 \/ 19h39 \u2013 1.500m T20 (final)<\/strong><br \/>\nAnt\u00f4nia Keyla<\/p>\n<p><strong>A partir 14h59 \/ 19h59 \u2013 100m T12 (round 1)<\/strong><br \/>\nLorraine Aguiar<br \/>\n<strong><br \/>\nA partir 15h35 \/ 20h35 \u2013 100m T11 (semifinais)<\/strong><br \/>\nDaniel Mendes \u2013 se avan\u00e7ar<br \/>\nFelipe Gomes \u2013 se avan\u00e7ar<\/p>\n<p><strong>16h13 \/ 21h13 \u2013 100m T53 (final)<\/strong><br \/>\nAriosvaldo Fernandes (Parr\u00e9) \u2013 se avan\u00e7ar<\/p>\n<p><strong>Programa Loterias Caixa Atletas de Alto N\u00edvel<\/strong><br \/>\nOs atletas Yeltsin Jacques, Jerusa Geber, e Thalita Simpl\u00edcio s\u00e3o integrantes do Programa Loterias Caixa Atletas de Alto N\u00edvel, programa de patroc\u00ednio individual da Loterias Caixa que beneficia 91 atletas.<\/p>\n<p><strong>Time S\u00e3o Paulo<\/strong><br \/>\nOs atletas Lorena Spoladore, Christian Gabriel da Costa e Rayane Soares s\u00e3o integrantes do Time S\u00e3o Paulo, parceria entre o CPB e a Secretaria de Estado dos Direitos da Pessoa com Defici\u00eancia de S\u00e3o Paulo, que beneficia 106 atletas de 14 modalidades.<\/p>\n<p><span style=\"font-weight: 400;\">Fonte: CPB<\/span><\/p>\n","protected":false},"excerpt":{"rendered":"<p>A acreana Jerusa Geber venceu uma das provas mais aguardadas desta quinta-feira, 13, no\u00a0Mundial de atletismo paral\u00edmpico\u00a0em Paris, na Fran\u00e7a. Conquistou a medalha de ouro nos 100m da classe T11 (cegas), que ainda teve a potiguar Thalita Simpl\u00edcio na terceira coloca\u00e7\u00e3o. Com isso,\u00a0o pa\u00eds permanece na vice-lideran\u00e7a\u00a0do quadro geral de medalhas da competi\u00e7\u00e3o, com 24 [&hellip;]<\/p>\n","protected":false},"author":246,"featured_media":216069,"comment_status":"closed","ping_status":"closed","sticky":false,"template":"","format":"standard","meta":{"footnotes":""},"categories":[436,257,439],"tags":[],"class_list":["post-216068","post","type-post","status-publish","format-standard","has-post-thumbnail","hentry","category-destaque-da-semana","category-esporte","category-ultima-hora"],"_links":{"self":[{"href":"https:\/\/diarioregionaldigital.com.br\/index.php?rest_route=\/wp\/v2\/posts\/216068","targetHints":{"allow":["GET"]}}],"collection":[{"href":"https:\/\/diarioregionaldigital.com.br\/index.php?rest_route=\/wp\/v2\/posts"}],"about":[{"href":"https:\/\/diarioregionaldigital.com.br\/index.php?rest_route=\/wp\/v2\/types\/post"}],"author":[{"embeddable":true,"href":"https:\/\/diarioregionaldigital.com.br\/index.php?rest_route=\/wp\/v2\/users\/246"}],"replies":[{"embeddable":true,"href":"https:\/\/diarioregionaldigital.com.br\/index.php?rest_route=%2Fwp%2Fv2%2Fcomments&post=216068"}],"version-history":[{"count":2,"href":"https:\/\/diarioregionaldigital.com.br\/index.php?rest_route=\/wp\/v2\/posts\/216068\/revisions"}],"predecessor-version":[{"id":216071,"href":"https:\/\/diarioregionaldigital.com.br\/index.php?rest_route=\/wp\/v2\/posts\/216068\/revisions\/216071"}],"wp:featuredmedia":[{"embeddable":true,"href":"https:\/\/diarioregionaldigital.com.br\/index.php?rest_route=\/wp\/v2\/media\/216069"}],"wp:attachment":[{"href":"https:\/\/diarioregionaldigital.com.br\/index.php?rest_route=%2Fwp%2Fv2%2Fmedia&parent=216068"}],"wp:term":[{"taxonomy":"category","embeddable":true,"href":"https:\/\/diarioregionaldigital.com.br\/index.php?rest_route=%2Fwp%2Fv2%2Fcategories&post=216068"},{"taxonomy":"post_tag","embeddable":true,"href":"https:\/\/diarioregionaldigital.com.br\/index.php?rest_route=%2Fwp%2Fv2%2Ftags&post=216068"}],"curies":[{"name":"wp","href":"https:\/\/api.w.org\/{rel}","templated":true}]}}