{"id":216062,"date":"2023-07-13T20:12:05","date_gmt":"2023-07-13T23:12:05","guid":{"rendered":"https:\/\/diarioregionaldigital.com.br\/?p=216062"},"modified":"2023-07-13T20:12:05","modified_gmt":"2023-07-13T23:12:05","slug":"governo-de-minas-investe-em-infraestrutura-para-nova-serrana-continuar-crescendo","status":"publish","type":"post","link":"https:\/\/diarioregionaldigital.com.br\/?p=216062","title":{"rendered":"Governo de Minas investe em infraestrutura para Nova Serrana continuar crescendo"},"content":{"rendered":"<p>A cidade de Nova Serrana, no Centro-Oeste de Minas, \u00e9 destaque na fabrica\u00e7\u00e3o de cal\u00e7ados que s\u00e3o vendidos para todo o Brasil e exterior. O desenvolvimento econ\u00f4mico da regi\u00e3o, que \u00e9 impulsionado pelo\u00a0<a href=\"https:\/\/www.mg.gov.br\/\" target=\"_blank\" rel=\"noopener\">Governo de Minas<\/a>, por meio de investimentos em infraestrutura e desburocratiza\u00e7\u00e3o de processos, impacta diretamente na vida do cidad\u00e3o, que conta com gera\u00e7\u00e3o de emprego, renda e melhoria na qualidade de vida.<\/p>\n<p>Nesta quinta-feira (13\/7), o governador Romeu Zema anunciou outro importante avan\u00e7o para a regi\u00e3o, que vai dar continuidade ao crescimento da cidade: a inaugura\u00e7\u00e3o de uma subesta\u00e7\u00e3o da\u00a0<a href=\"https:\/\/www.cemig.com.br\/\" target=\"_blank\" rel=\"noopener\">Cemig<\/a>, que vai gerar mais energia para a ind\u00fastria e para a popula\u00e7\u00e3o de Nova Serrana.<\/p>\n<p>\u201cAcabamos de resolver o problema de energia el\u00e9trica. Para mim, seria um crime a cidade deixar de crescer por falta de energia el\u00e9trica ou perder investimentos. Estamos dobrando a quantidade de energia el\u00e9trica disponibilizada para a cidade, tanto para as pessoas, quanto para as ind\u00fastrias. Portanto, os entraves provocados pela falta de energia ser\u00e3o resolvidos, com este investimento com mais de R$ 40 milh\u00f5es da Cemig\u201d, disse.<\/p>\n<figure class=\"image\"><img decoding=\"async\" src=\"https:\/\/www.agenciaminas.mg.gov.br\/ckeditor_assets\/pictures\/18049\/content_20230713085431_mg_1435.jpg\" alt=\"\" \/><figcaption><sub><em>Cristiano Machado \/ Imprensa MG<\/em><\/sub><\/figcaption><\/figure>\n<p><strong>Fenova<\/strong><\/p>\n<p>O governador participou do encerramento da 27\u00aa Feira de Cal\u00e7ados de Nova Serrana (Fenova), que re\u00fane os principais produtores da cidade. Uma oportunidade para realiza\u00e7\u00e3o de neg\u00f3cios. Ele destacou o empreendedorismo do munic\u00edpio e ressaltou a\u00e7\u00f5es do Estado para estimular o desenvolvimento da regi\u00e3o.<\/p>\n<p>\u201cSabemos que Nova Serrana \u00e9 uma cidade que, se n\u00e3o for atrapalhada, resolve suas demandas e cresce. \u00c9 um munic\u00edpio que tem, cada vez mais, equipamentos p\u00fablicos de qualidade para que a popula\u00e7\u00e3o tenha uma vida satisfat\u00f3ria e continue se desenvolvendo. \u00c9 uma cidade que serve de exemplo para muitos munic\u00edpios de Minas e do Brasil. Isso devido ao seu dinamismo e empreendedorismo. Queremos que a cidade tenha boa sa\u00fade, seguran\u00e7a p\u00fablica e educa\u00e7\u00e3o. Temos feito tudo o que \u00e9 poss\u00edvel. Nova Serrana n\u00e3o ser\u00e1 esquecida e n\u00e3o vai deixar de crescer no que depender do Estado\u201d, afirmou.<\/p>\n<p>O governador visitou estandes e conversou com produtores respons\u00e1veis por grande parte dos empregos gerados na regi\u00e3o. O diretor da empresa Randall, Pedro Victor Gomes, a feira \u00e9 uma oportunidade de mostrar o trabalho da cidade para o pa\u00eds.<\/p>\n<p>\u201cIsso faz muita diferen\u00e7a para n\u00f3s fabricantes que temos a oportunidade de expor tudo aquilo que fazemos de melhor. A Randall tem um impacto social muito grande na cidade, por meio da gera\u00e7\u00e3o de empregos. N\u00f3s estamos h\u00e1 30 anos no mercado e contamos com mais de 300 funcion\u00e1rios que fortalecem financeiramente suas fam\u00edlias. Nova Serra est\u00e1 sempre crescendo pois conta com uma massa trabalhadora muito grande\u201d.<\/p>\n<p><strong>Desburocratizar para crescer<\/strong><\/p>\n<p>Para o presidente do Sindicato Intermunicipal das Ind\u00fastrias de Cal\u00e7ados de Nova Serrana\u00a0(SindiNova), Ronaldo Andrade Lacerda, que tamb\u00e9m \u00e9 empres\u00e1rio s\u00f3cio da Lynd Cal\u00e7ados, todos os outros setores da cidade s\u00e3o impactados pelo mercado cal\u00e7adista. \u201cTodas dependem da ind\u00fastria de cal\u00e7ados, que \u00e9 a respons\u00e1vel por gerar mais empregos e isso reflete no com\u00e9rcio, no consumo etc, pois tem mais renda circulando e sendo bem distribu\u00edda no munic\u00edpio. S\u00e3o 20 mil empregados diretos e indiretos em mais de 800 ind\u00fastrias ligadas entre si, que atuam em todos os processos de fabrica\u00e7\u00e3o. Portanto s\u00e3o muitas fam\u00edlias envolvidas\u201d.<\/p>\n<figure class=\"image\"><img decoding=\"async\" src=\"https:\/\/www.agenciaminas.mg.gov.br\/ckeditor_assets\/pictures\/18050\/content_01_20230713105449_mg_1909.jpg\" alt=\"\" \/><figcaption><sub><em>Cristiano Machado \/ Imprensa MG<\/em><\/sub><\/figcaption><\/figure>\n<p>Ronaldo destaca ainda o papel fundamentado do Governo de Minas no desenvolvimento do setor industrial da cidade. \u201cO Estado hoje \u00e9 uma figura importante pois ele procura beneficiar a produ\u00e7\u00e3o e os neg\u00f3cios com um sistema especial de exporta\u00e7\u00e3o que nos ajuda a ser mais competitivos no mercado. Al\u00e9m disso, o atual governo desburocratiza as regulamenta\u00e7\u00f5es, favorecendo o trabalho e os neg\u00f3cios. E isso gera um efeito cascata, pois com mais empregos, se tem mais renda e qualidade de vida para a popula\u00e7\u00e3o\u201d, afirma o empres\u00e1rio.<\/p>\n<p><strong>Melhoria na vida do cidad\u00e3o<\/strong><\/p>\n<p>Dentre os 400 empregados da Lynd est\u00e1 Gladston Batista Felipe, gerente da empresa. Ele \u00e9 natural de Raul Soares e foi para a cidade em busca de oportunidade de emprego. \u201cCheguei trabalhando na Lynd\u00a0como auxiliar de silk e hoje estou como gerente. J\u00e1 s\u00e3o mais de 13 anos na empresa\u201d, conta.<\/p>\n<p>\u201cAtualmente somos eu, minha esposa e meu filho. Esse trabalho \u00e9 muito importante pois ajudo financeiramente minha fam\u00edlia. Al\u00e9m disso, \u00e9 gratificante eles veem o que estou conquistando aqui. Gra\u00e7as ao meu emprego tive a oportunidade de comprar e quitar minha casa pr\u00f3pria e ter uma estrutura financeira equilibrada, provendo coisas boas para meu filho e esposa\u201d, finaliza o gerente da empresa.<\/p>\n<p><span style=\"font-weight: 400;\">Fonte: Ag\u00eancia Minas <\/span><\/p>\n","protected":false},"excerpt":{"rendered":"<p>A cidade de Nova Serrana, no Centro-Oeste de Minas, \u00e9 destaque na fabrica\u00e7\u00e3o de cal\u00e7ados que s\u00e3o vendidos para todo o Brasil e exterior. O desenvolvimento econ\u00f4mico da regi\u00e3o, que \u00e9 impulsionado pelo\u00a0Governo de Minas, por meio de investimentos em infraestrutura e desburocratiza\u00e7\u00e3o de processos, impacta diretamente na vida do cidad\u00e3o, que conta com gera\u00e7\u00e3o [&hellip;]<\/p>\n","protected":false},"author":246,"featured_media":216063,"comment_status":"closed","ping_status":"closed","sticky":false,"template":"","format":"standard","meta":{"footnotes":""},"categories":[436,254,439],"tags":[],"class_list":["post-216062","post","type-post","status-publish","format-standard","has-post-thumbnail","hentry","category-destaque-da-semana","category-politica","category-ultima-hora"],"_links":{"self":[{"href":"https:\/\/diarioregionaldigital.com.br\/index.php?rest_route=\/wp\/v2\/posts\/216062","targetHints":{"allow":["GET"]}}],"collection":[{"href":"https:\/\/diarioregionaldigital.com.br\/index.php?rest_route=\/wp\/v2\/posts"}],"about":[{"href":"https:\/\/diarioregionaldigital.com.br\/index.php?rest_route=\/wp\/v2\/types\/post"}],"author":[{"embeddable":true,"href":"https:\/\/diarioregionaldigital.com.br\/index.php?rest_route=\/wp\/v2\/users\/246"}],"replies":[{"embeddable":true,"href":"https:\/\/diarioregionaldigital.com.br\/index.php?rest_route=%2Fwp%2Fv2%2Fcomments&post=216062"}],"version-history":[{"count":1,"href":"https:\/\/diarioregionaldigital.com.br\/index.php?rest_route=\/wp\/v2\/posts\/216062\/revisions"}],"predecessor-version":[{"id":216064,"href":"https:\/\/diarioregionaldigital.com.br\/index.php?rest_route=\/wp\/v2\/posts\/216062\/revisions\/216064"}],"wp:featuredmedia":[{"embeddable":true,"href":"https:\/\/diarioregionaldigital.com.br\/index.php?rest_route=\/wp\/v2\/media\/216063"}],"wp:attachment":[{"href":"https:\/\/diarioregionaldigital.com.br\/index.php?rest_route=%2Fwp%2Fv2%2Fmedia&parent=216062"}],"wp:term":[{"taxonomy":"category","embeddable":true,"href":"https:\/\/diarioregionaldigital.com.br\/index.php?rest_route=%2Fwp%2Fv2%2Fcategories&post=216062"},{"taxonomy":"post_tag","embeddable":true,"href":"https:\/\/diarioregionaldigital.com.br\/index.php?rest_route=%2Fwp%2Fv2%2Ftags&post=216062"}],"curies":[{"name":"wp","href":"https:\/\/api.w.org\/{rel}","templated":true}]}}