{"id":216056,"date":"2023-07-13T20:07:54","date_gmt":"2023-07-13T23:07:54","guid":{"rendered":"https:\/\/diarioregionaldigital.com.br\/?p=216056"},"modified":"2023-07-13T20:07:54","modified_gmt":"2023-07-13T23:07:54","slug":"supremo-esclarece-fala-de-barroso-em-congresso-da-une","status":"publish","type":"post","link":"https:\/\/diarioregionaldigital.com.br\/?p=216056","title":{"rendered":"Supremo esclarece fala de Barroso em congresso da UNE"},"content":{"rendered":"<div class=\"post-item-wrap\">\n<p>O Supremo Tribunal Federal (STF) divulgou nesta quinta-feira (13) uma nota \u00e0 imprensa para esclarecer as declara\u00e7\u00f5es do ministro Lu\u00eds Roberto Barroso, vaiado na abertura do 59\u00b0 Congresso da Uni\u00e3o Nacional dos Estudantes (UNE), em Bras\u00edlia, em sua fala.<img decoding=\"async\" src=\"https:\/\/agenciabrasil.ebc.com.br\/ebc.png?id=1543718&amp;o=node\" \/><img decoding=\"async\" src=\"https:\/\/agenciabrasil.ebc.com.br\/ebc.gif?id=1543718&amp;o=node\" \/><\/p>\n<p>Segundo a assessoria da Corte, o ministro se referiu ao voto popular ao declarar que a ditadura e o bolsonarismo foram derrotados.<\/p>\n<p>&#8220;Como se extrai claramente do contexto da fala do ministro Barroso, a frase &#8216;N\u00f3s derrotamos a ditadura e o bolsonarismo&#8217; referia-se ao voto popular e n\u00e3o \u00e0 atua\u00e7\u00e3o de qualquer institui\u00e7\u00e3o&#8221;, esclarece o Supremo.<\/p>\n<p>Na quarta-feira (12), na abertura do congresso, Barroso participou um ato em defesa da democracia e de combate ao discurso de \u00f3dio no pa\u00eds. Ele lembrou de sua atua\u00e7\u00e3o no movimento estudantil e afirmou que o pa\u00eds derrotou &#8220;a ditadura e o bolsonarismo&#8221;.<\/p>\n<p>No in\u00edcio do discurso, o ministro foi vaiado por um grupo de estudantes que exibiu uma faixa com os dizeres \u201cBarroso inimigo da enfermagem e articulador do golpe de 2016\u201d.<\/p>\n<p>Em seguida, ele disse que a manifesta\u00e7\u00e3o faz parte da democracia e rebateu as acusa\u00e7\u00f5es. Barroso \u00e9 relator do caso no Supremo e disse que suspendeu, no ano passado, o pagamento do piso nacional dos enfermeiros para viabilizar os recursos para garantir os repasses.<\/p>\n<p>\u201cEu venho do movimento estudantil. De modo que nada que est\u00e1 acontecendo aqui me \u00e9 estranho. J\u00e1 enfrentei a ditadura e j\u00e1 enfrentei o bolsonarismo. E mais que isso, foi eu que consegui o dinheiro da enfermagem porque n\u00e3o tinha dinheiro. N\u00e3o tenho medo de vaia porque temos um pa\u00eds para construir\u201d, afirmou.<\/p>\n<p>Ap\u00f3s as declara\u00e7\u00f5es de Barroso, parlamentares ligados ao ex-presidente Jair Bolsonaro foram \u00e0s redes sociais e prometeram protocolar um pedido de impeachment do ministro no Senado.<\/p>\n<p>A \u00edntegra da nota divulgada pelo STF:<\/p>\n<p>&#8220;O ministro do STF Lu\u00eds Roberto Barroso, o ministro da Justi\u00e7a, Flavio Dino, e o deputado federal Orlando Silva estiveram juntos, no Congresso da UNE, para uma breve interven\u00e7\u00e3o sobre autoritarismo e discursos de \u00f3dio. Todos eles participaram do movimento estudantil na sua juventude. Apesar do divulgado, os tr\u00eas foram muito aplaudidos. As vaias &#8211; que fazem parte da democracia &#8211; vieram de um pequeno grupo ligado ao Partido Comunista Brasileiro, que faz oposi\u00e7\u00e3o \u00e0 atual gest\u00e3o da UNE. Como se extrai claramente do contexto da fala do ministro Barroso, a frase &#8216;N\u00f3s derrotamos a ditadura e o bolsonarismo&#8217; referia-se ao voto popular e n\u00e3o \u00e0 atua\u00e7\u00e3o de qualquer institui\u00e7\u00e3o&#8221;, esclareceu o STF.<\/p>\n<\/div>\n<p class=\"alt-font font-italic my-2 small text-info\"><span style=\"font-weight: 400;\">Fonte: Ag\u00eancia Brasil <\/span><\/p>\n","protected":false},"excerpt":{"rendered":"<p>O Supremo Tribunal Federal (STF) divulgou nesta quinta-feira (13) uma nota \u00e0 imprensa para esclarecer as declara\u00e7\u00f5es do ministro Lu\u00eds Roberto Barroso, vaiado na abertura do 59\u00b0 Congresso da Uni\u00e3o Nacional dos Estudantes (UNE), em Bras\u00edlia, em sua fala. Segundo a assessoria da Corte, o ministro se referiu ao voto popular ao declarar que a [&hellip;]<\/p>\n","protected":false},"author":246,"featured_media":216057,"comment_status":"closed","ping_status":"closed","sticky":false,"template":"","format":"standard","meta":{"footnotes":""},"categories":[436,254,439],"tags":[],"class_list":["post-216056","post","type-post","status-publish","format-standard","has-post-thumbnail","hentry","category-destaque-da-semana","category-politica","category-ultima-hora"],"_links":{"self":[{"href":"https:\/\/diarioregionaldigital.com.br\/index.php?rest_route=\/wp\/v2\/posts\/216056","targetHints":{"allow":["GET"]}}],"collection":[{"href":"https:\/\/diarioregionaldigital.com.br\/index.php?rest_route=\/wp\/v2\/posts"}],"about":[{"href":"https:\/\/diarioregionaldigital.com.br\/index.php?rest_route=\/wp\/v2\/types\/post"}],"author":[{"embeddable":true,"href":"https:\/\/diarioregionaldigital.com.br\/index.php?rest_route=\/wp\/v2\/users\/246"}],"replies":[{"embeddable":true,"href":"https:\/\/diarioregionaldigital.com.br\/index.php?rest_route=%2Fwp%2Fv2%2Fcomments&post=216056"}],"version-history":[{"count":1,"href":"https:\/\/diarioregionaldigital.com.br\/index.php?rest_route=\/wp\/v2\/posts\/216056\/revisions"}],"predecessor-version":[{"id":216058,"href":"https:\/\/diarioregionaldigital.com.br\/index.php?rest_route=\/wp\/v2\/posts\/216056\/revisions\/216058"}],"wp:featuredmedia":[{"embeddable":true,"href":"https:\/\/diarioregionaldigital.com.br\/index.php?rest_route=\/wp\/v2\/media\/216057"}],"wp:attachment":[{"href":"https:\/\/diarioregionaldigital.com.br\/index.php?rest_route=%2Fwp%2Fv2%2Fmedia&parent=216056"}],"wp:term":[{"taxonomy":"category","embeddable":true,"href":"https:\/\/diarioregionaldigital.com.br\/index.php?rest_route=%2Fwp%2Fv2%2Fcategories&post=216056"},{"taxonomy":"post_tag","embeddable":true,"href":"https:\/\/diarioregionaldigital.com.br\/index.php?rest_route=%2Fwp%2Fv2%2Ftags&post=216056"}],"curies":[{"name":"wp","href":"https:\/\/api.w.org\/{rel}","templated":true}]}}