{"id":216047,"date":"2023-07-13T20:02:33","date_gmt":"2023-07-13T23:02:33","guid":{"rendered":"https:\/\/diarioregionaldigital.com.br\/?p=216047"},"modified":"2023-07-13T20:02:33","modified_gmt":"2023-07-13T23:02:33","slug":"obras-de-pavimentacao-da-mg-252-vao-facilitar-o-escoamento-da-producao-local","status":"publish","type":"post","link":"https:\/\/diarioregionaldigital.com.br\/?p=216047","title":{"rendered":"Obras de pavimenta\u00e7\u00e3o da MG-252 v\u00e3o facilitar o escoamento da produ\u00e7\u00e3o local"},"content":{"rendered":"<p>A popula\u00e7\u00e3o do Centro-Oeste mineiro est\u00e1 acompanhando o in\u00edcio da pavimenta\u00e7\u00e3o da MG-252, um trecho de 17,3 quil\u00f4metros que liga a MG-170, em Moema, at\u00e9 a MG-164, no munic\u00edpio de Ara\u00fajos. O governador Romeu Zema esteve no local, nesta quinta-feira (13\/7), onde supervisionou\u00a0os trabalhos na via, que deve ter parte conclu\u00edda at\u00e9 o final do ano e facilitar o escoamento de produtores locais.<\/p>\n<p>A regi\u00e3o tem voca\u00e7\u00e3o para produ\u00e7\u00e3o agr\u00edcola, al\u00e9m de contar com f\u00e1bricas de tecidos e de fogos de artif\u00edcios, que t\u00eam a vaz\u00e3o prejudicada por poeira, buracos e lama na rodovia.<\/p>\n<p>O governador Romeu Zema vistoriou as obras e visitou o vilarejo de Chapada, onde f\u00e1bricas de len\u00e7ol\u00a0est\u00e3o instaladas. Ele ressaltou a import\u00e2ncia da MG-252 para a regi\u00e3o.<\/p>\n<p>\u201cEstamos recuperando a malha asf\u00e1ltica do estado e pavimentando trechos que conectam regi\u00f5es importantes. Ainda \u00e9 um grande desafio. Temos um estado que \u00e9 do tamanho da Fran\u00e7a e tivemos investimento zero na malha vi\u00e1ria durante cerca de dez anos. Iniciamos, agora, a\u00a0recupera\u00e7\u00e3o do asfalto em Minas, e\u00a0a popula\u00e7\u00e3o est\u00e1 sentindo a melhora. Vamos conseguir avan\u00e7os expressivos\u201d, disse.<\/p>\n<p>A pavimenta\u00e7\u00e3o da rodovia MG-252 faz parte do programa Provias, maior pacote de obras rodovi\u00e1rias da \u00faltima d\u00e9cada em Minas Gerais, e est\u00e1 sendo executada em parceria da\u00a0<a href=\"http:\/\/www.infraestrutura.mg.gov.br\/\" target=\"_blank\" rel=\"noopener\">Secretaria de Estado de Infraestrutura, Mobilidade e Parcerias (Seinfra)<\/a>, em conv\u00eanio com a Prefeitura de Moema.<\/p>\n<p>O prefeito de Moema, Alaelson Ant\u00f4nio de Oliveira, disse que o in\u00edcio das obras \u00e9 a realiza\u00e7\u00e3o de um sonho para a popula\u00e7\u00e3o. \u201cDurante d\u00e9cadas, lutamos para ter essa obra realizada e, agora, com uma gest\u00e3o s\u00e9ria \u00e0 frente do Estado, estamos vendo esse projeto sair do papel\u201d, afirmou.<\/p>\n<p><strong>Provias<\/strong><\/p>\n<p>As obras come\u00e7aram em junho, e devem ser finalizadas at\u00e9 o fim de 2023, com investimento de R$ 5 milh\u00f5es do estado e de R$ 469 mil do munic\u00edpio de Moema. O Provias est\u00e1 com oito obras na regi\u00e3o Central de Minas, com investimentos previstos de R$ 392,2 milh\u00f5es para pavimenta\u00e7\u00e3o e recupera\u00e7\u00e3o de 277 quil\u00f4metros de malha rodovi\u00e1ria.<\/p>\n<p>Lan\u00e7ado em abril de 2022, o Provias tem um valor total previsto de R$ 4 bilh\u00f5es para pavimentar rodovias e pontes, al\u00e9m de recuperar o asfalto de estradas. Das 122 obras do programa, 32 j\u00e1 foram conclu\u00eddas, 51 est\u00e3o em andamento e 39 ainda ser\u00e3o iniciadas, j\u00e1 tendo sido entregues 709 quil\u00f4metros de vias restauradas.<\/p>\n<p><strong>Reuni\u00e3o com prefeitos<\/strong><\/p>\n<p>O governador tamb\u00e9m esteve no munic\u00edpio de Perdig\u00e3o, nesta quinta-feira, onde se encontrou com o prefeito Juliano Lacerda e recebeu um of\u00edcio com algumas demandas locais.\u00a0Na cidade, ele teve a oportunidade de conhecer\u00a0o \u00f4nibus da Unidade B\u00e1sica de Sa\u00fade (UBS), do projeto municipal \u201cSa\u00fade Mais Perto de Voc\u00ea\u201d, que leva o ve\u00edculo\u00a0para prestar atendimento de Sa\u00fade da Fam\u00edlia nas comunidades rurais.<\/p>\n<p>Seguindo pelo\u00a0Centro-Oeste mineiro, desta vez em Ara\u00fajos, Zema se reuniu com o prefeito Geraldo Magela para discutir\u00a0demandas focadas em melhorias para moradores e ind\u00fastrias da cidade. No munic\u00edpio, ele tamb\u00e9m verificou o trabalho realizado na Gabriela Aquarela, uma f\u00e1brica de roupas infantis.<\/p>\n<p>Iguatama foi o pr\u00f3ximo destino do governador. Al\u00e9m do\u00a0encontro com o prefeito Lucas Vieira, Romeu Zema recebeu convite para o anivers\u00e1rio de 80 anos da cidade.<\/p>\n<p><strong>Gastronomia<\/strong><\/p>\n<p>O\u00a0\u00a0governador Romeu Zema ainda\u00a0participou da abertura do 2\u00ba\u00a0Festival de Gastronomia de Arcos. O festival, conhecido como \u201cDel\u00edcias da Ro\u00e7a\u201d, vai apresentar, at\u00e9 domingo (16\/7),\u00a0mais de 50 comidas t\u00edpicas de Minas Gerais. Para a edi\u00e7\u00e3o deste ano, mais de 60 mil visitantes s\u00e3o aguardados.<\/p>\n<p>Acompanhado pelo prefeito de Arcos, Claudemir Jos\u00e9 de Melo e outras autoridades, o governador\u00a0esteve com expositores\u00a0e conversou com os presentes no primeiro dia do festival.<\/p>\n<p><span style=\"font-weight: 400;\"><br \/>\n<\/span><span style=\"font-weight: 400;\">Fonte: Ag\u00eancia Minas <\/span><\/p>\n","protected":false},"excerpt":{"rendered":"<p>A popula\u00e7\u00e3o do Centro-Oeste mineiro est\u00e1 acompanhando o in\u00edcio da pavimenta\u00e7\u00e3o da MG-252, um trecho de 17,3 quil\u00f4metros que liga a MG-170, em Moema, at\u00e9 a MG-164, no munic\u00edpio de Ara\u00fajos. O governador Romeu Zema esteve no local, nesta quinta-feira (13\/7), onde supervisionou\u00a0os trabalhos na via, que deve ter parte conclu\u00edda at\u00e9 o final do [&hellip;]<\/p>\n","protected":false},"author":246,"featured_media":216048,"comment_status":"closed","ping_status":"closed","sticky":false,"template":"","format":"standard","meta":{"footnotes":""},"categories":[436,440,254,439],"tags":[],"class_list":["post-216047","post","type-post","status-publish","format-standard","has-post-thumbnail","hentry","category-destaque-da-semana","category-destaques-do-dia","category-politica","category-ultima-hora"],"_links":{"self":[{"href":"https:\/\/diarioregionaldigital.com.br\/index.php?rest_route=\/wp\/v2\/posts\/216047","targetHints":{"allow":["GET"]}}],"collection":[{"href":"https:\/\/diarioregionaldigital.com.br\/index.php?rest_route=\/wp\/v2\/posts"}],"about":[{"href":"https:\/\/diarioregionaldigital.com.br\/index.php?rest_route=\/wp\/v2\/types\/post"}],"author":[{"embeddable":true,"href":"https:\/\/diarioregionaldigital.com.br\/index.php?rest_route=\/wp\/v2\/users\/246"}],"replies":[{"embeddable":true,"href":"https:\/\/diarioregionaldigital.com.br\/index.php?rest_route=%2Fwp%2Fv2%2Fcomments&post=216047"}],"version-history":[{"count":1,"href":"https:\/\/diarioregionaldigital.com.br\/index.php?rest_route=\/wp\/v2\/posts\/216047\/revisions"}],"predecessor-version":[{"id":216049,"href":"https:\/\/diarioregionaldigital.com.br\/index.php?rest_route=\/wp\/v2\/posts\/216047\/revisions\/216049"}],"wp:featuredmedia":[{"embeddable":true,"href":"https:\/\/diarioregionaldigital.com.br\/index.php?rest_route=\/wp\/v2\/media\/216048"}],"wp:attachment":[{"href":"https:\/\/diarioregionaldigital.com.br\/index.php?rest_route=%2Fwp%2Fv2%2Fmedia&parent=216047"}],"wp:term":[{"taxonomy":"category","embeddable":true,"href":"https:\/\/diarioregionaldigital.com.br\/index.php?rest_route=%2Fwp%2Fv2%2Fcategories&post=216047"},{"taxonomy":"post_tag","embeddable":true,"href":"https:\/\/diarioregionaldigital.com.br\/index.php?rest_route=%2Fwp%2Fv2%2Ftags&post=216047"}],"curies":[{"name":"wp","href":"https:\/\/api.w.org\/{rel}","templated":true}]}}