{"id":216044,"date":"2023-07-13T19:54:29","date_gmt":"2023-07-13T22:54:29","guid":{"rendered":"https:\/\/diarioregionaldigital.com.br\/?p=216044"},"modified":"2023-07-13T19:54:29","modified_gmt":"2023-07-13T22:54:29","slug":"cni-diz-que-economia-podera-crescer-21-este-ano","status":"publish","type":"post","link":"https:\/\/diarioregionaldigital.com.br\/?p=216044","title":{"rendered":"CNI diz que economia poder\u00e1 crescer 2,1% este ano"},"content":{"rendered":"<p>O desempenho do agroneg\u00f3cio fez a Confedera\u00e7\u00e3o Nacional da Ind\u00fastria (CNI) elevar a proje\u00e7\u00e3o de crescimento da economia neste ano. Segundo o Informe Conjuntural do 2\u00ba Trimestre, divulgado nesta quinta-feira (12) pela entidade, a estimativa passou de 1,2% em abril para 2,1% em julho.<img decoding=\"async\" src=\"https:\/\/agenciabrasil.ebc.com.br\/ebc.png?id=1543535&amp;o=node\" \/><img decoding=\"async\" src=\"https:\/\/agenciabrasil.ebc.com.br\/ebc.gif?id=1543535&amp;o=node\" \/><\/p>\n<p>A confedera\u00e7\u00e3o, no entanto, adverte que a melhoria se deve apenas ao agroneg\u00f3cio, com os demais setores da economia encolhendo ou desacelerando. Acrescenta ser necess\u00e1rio reformar o sistema tribut\u00e1rio e reduzir os juros para destravar a economia brasileira.<\/p>\n<p>Pelas estimativas da CNI, enquanto a agropecu\u00e1ria dever\u00e1 crescer 13,8% neste ano &#8211; impulsionada pela produ\u00e7\u00e3o recorde de alimentos &#8211; a ind\u00fastria dever\u00e1 se expandir apenas 0,6%. O desempenho do setor industrial tamb\u00e9m tem desigualdades: a ind\u00fastria da constru\u00e7\u00e3o crescer\u00e1 1,5%, mas a ind\u00fastria da transforma\u00e7\u00e3o &#8211; afetada pelos juros altos &#8211; dever\u00e1 encolher 0,9% em 2023.<\/p>\n<h2>Falta de competitividade<\/h2>\n<p>Em nota, a CNI destaca que a ind\u00fastria nacional sofre com a falta de competitividade gerada pela complexidade do sistema tribut\u00e1rio e pela escassez de cr\u00e9dito provocada pelos juros altos. Apesar disso, a entidade considera que o avan\u00e7o da reforma tribut\u00e1ria no Congresso Nacional e a queda da infla\u00e7\u00e3o, com a prov\u00e1vel redu\u00e7\u00e3o da Taxa Selic (juros b\u00e1sicos da economia) neste semestre, melhoram as perspectivas para a economia brasileira.<\/p>\n<p>Al\u00e9m da aprova\u00e7\u00e3o da reforma tribut\u00e1ria e da queda dos juros, a CNI pede que o governo acelere a cria\u00e7\u00e3o de uma pol\u00edtica industrial que permita o pa\u00eds se inserir nas cadeias globais de produ\u00e7\u00e3o \u201cde forma inovadora e sustent\u00e1vel\u201d.<\/p>\n<h2>Infla\u00e7\u00e3o e consumo<\/h2>\n<p>Em rela\u00e7\u00e3o \u00e0 infla\u00e7\u00e3o, a CNI projeta que o \u00cdndice Nacional de Pre\u00e7os ao Consumidor Amplo (IPCA) &#8211; usado como indicador oficial pelo governo &#8211; encerrar\u00e1 o ano em 4,9%, contra estimativa anterior de 6%. Segundo a entidade, a desacelera\u00e7\u00e3o ajuda a recompor o rendimento m\u00e9dio real das fam\u00edlias e a recuperar o poder de compra e o consumo.<\/p>\n<p>Para a CNI, a recupera\u00e7\u00e3o do mercado de trabalho continua, com a expectativa da taxa m\u00e9dia de desemprego para 2023 caindo de 9% para 8,3%. A previs\u00e3o de crescimento da massa de rendimento real (acima da infla\u00e7\u00e3o) subiu levemente, de 6,7% para 6,8% neste ano.<\/p>\n<p>A estimativa de consumo das fam\u00edlias subir\u00e1 1,8% em 2023, contra previs\u00e3o anterior de 1,2%. A CNI atribui o aumento \u00e0 recupera\u00e7\u00e3o parcial do cr\u00e9dito a partir de mar\u00e7o e ao aumento do valor do Bolsa Fam\u00edlia, que estimula compras em mercados e farm\u00e1cias.<\/p>\n<h2>Juros e d\u00f3lar<\/h2>\n<p>Em rela\u00e7\u00e3o aos juros, a confedera\u00e7\u00e3o estima que a Selic encerrar\u00e1 2023 em 11,75% ao ano, devendo cair dois pontos percentuais em rela\u00e7\u00e3o aos 13,75% atuais. Em rela\u00e7\u00e3o ao c\u00e2mbio, a entidade prev\u00ea que o d\u00f3lar comercial chegar\u00e1 ao fim do ano em R$ 4,90, contra previs\u00e3o anterior de R$ 5,35.<\/p>\n<p>A previs\u00e3o de super\u00e1vit da balan\u00e7a comercial (exporta\u00e7\u00f5es menos importa\u00e7\u00f5es) para este ano saltou de US$ 55,7 bilh\u00f5es para US$ 62,4 bilh\u00f5es. Para as contas p\u00fablicas, a entidade manteve a proje\u00e7\u00e3o de d\u00e9ficit prim\u00e1rio (resultado negativo sem os juros da d\u00edvida p\u00fablica) de 1,1% do Produto Interno Bruto (PIB).<\/p>\n<p><span style=\"font-weight: 400;\">Fonte: Ag\u00eancia Brasil <\/span><\/p>\n","protected":false},"excerpt":{"rendered":"<p>O desempenho do agroneg\u00f3cio fez a Confedera\u00e7\u00e3o Nacional da Ind\u00fastria (CNI) elevar a proje\u00e7\u00e3o de crescimento da economia neste ano. Segundo o Informe Conjuntural do 2\u00ba Trimestre, divulgado nesta quinta-feira (12) pela entidade, a estimativa passou de 1,2% em abril para 2,1% em julho. A confedera\u00e7\u00e3o, no entanto, adverte que a melhoria se deve apenas [&hellip;]<\/p>\n","protected":false},"author":246,"featured_media":216045,"comment_status":"closed","ping_status":"closed","sticky":false,"template":"","format":"standard","meta":{"footnotes":""},"categories":[436,261,439],"tags":[],"class_list":["post-216044","post","type-post","status-publish","format-standard","has-post-thumbnail","hentry","category-destaque-da-semana","category-economia","category-ultima-hora"],"_links":{"self":[{"href":"https:\/\/diarioregionaldigital.com.br\/index.php?rest_route=\/wp\/v2\/posts\/216044","targetHints":{"allow":["GET"]}}],"collection":[{"href":"https:\/\/diarioregionaldigital.com.br\/index.php?rest_route=\/wp\/v2\/posts"}],"about":[{"href":"https:\/\/diarioregionaldigital.com.br\/index.php?rest_route=\/wp\/v2\/types\/post"}],"author":[{"embeddable":true,"href":"https:\/\/diarioregionaldigital.com.br\/index.php?rest_route=\/wp\/v2\/users\/246"}],"replies":[{"embeddable":true,"href":"https:\/\/diarioregionaldigital.com.br\/index.php?rest_route=%2Fwp%2Fv2%2Fcomments&post=216044"}],"version-history":[{"count":1,"href":"https:\/\/diarioregionaldigital.com.br\/index.php?rest_route=\/wp\/v2\/posts\/216044\/revisions"}],"predecessor-version":[{"id":216046,"href":"https:\/\/diarioregionaldigital.com.br\/index.php?rest_route=\/wp\/v2\/posts\/216044\/revisions\/216046"}],"wp:featuredmedia":[{"embeddable":true,"href":"https:\/\/diarioregionaldigital.com.br\/index.php?rest_route=\/wp\/v2\/media\/216045"}],"wp:attachment":[{"href":"https:\/\/diarioregionaldigital.com.br\/index.php?rest_route=%2Fwp%2Fv2%2Fmedia&parent=216044"}],"wp:term":[{"taxonomy":"category","embeddable":true,"href":"https:\/\/diarioregionaldigital.com.br\/index.php?rest_route=%2Fwp%2Fv2%2Fcategories&post=216044"},{"taxonomy":"post_tag","embeddable":true,"href":"https:\/\/diarioregionaldigital.com.br\/index.php?rest_route=%2Fwp%2Fv2%2Ftags&post=216044"}],"curies":[{"name":"wp","href":"https:\/\/api.w.org\/{rel}","templated":true}]}}