{"id":216026,"date":"2023-07-13T02:20:04","date_gmt":"2023-07-13T05:20:04","guid":{"rendered":"https:\/\/diarioregionaldigital.com.br\/?p=216026"},"modified":"2023-07-13T02:20:04","modified_gmt":"2023-07-13T05:20:04","slug":"pcmg-recupera-moto-furtada-em-juiz-de-fora-apos-perseguicao","status":"publish","type":"post","link":"https:\/\/diarioregionaldigital.com.br\/?p=216026","title":{"rendered":"PCMG recupera moto furtada em Juiz de Fora ap\u00f3s persegui\u00e7\u00e3o"},"content":{"rendered":"<p>A Pol\u00edcia Civil de Minas Gerais recuperou uma moto furtada e prendeu em flagrante o suspeito, de 26 anos, no bairro Costa Carvalho em Juiz de Fora, na segunda-feira (10\/7).<br \/>\nDurante dilig\u00eancias na Avenida Brasil, a equipe da 1\u00aa Delegacia Regional de Juiz de Fora &#8211; unidade que integra o 4\u00ba Departamento &#8211; avistou uma moto em alta velocidade e uma mulher que gritava por ajuda. Ap\u00f3s verificar que se tratava do furto da motocicleta em uma loja de ve\u00edculos, a equipe iniciou persegui\u00e7\u00e3o, localizando a moto estacionada em frente a um im\u00f3vel, ainda no bairro Costa Carvalho. Em seguida, o suspeito saiu da casa e foi surpreendido e preso pelos policiais.<br \/>\nO investigado confessou o crime e foi encaminhado ao Sistema Prisional. O ve\u00edculo foi restitu\u00eddo ao propriet\u00e1rio.<\/p>\n","protected":false},"excerpt":{"rendered":"<p>A Pol\u00edcia Civil de Minas Gerais recuperou uma moto furtada e prendeu em flagrante o suspeito, de 26 anos, no bairro Costa Carvalho em Juiz de Fora, na segunda-feira (10\/7). Durante dilig\u00eancias na Avenida Brasil, a equipe da 1\u00aa Delegacia Regional de Juiz de Fora &#8211; unidade que integra o 4\u00ba Departamento &#8211; avistou uma [&hellip;]<\/p>\n","protected":false},"author":246,"featured_media":216027,"comment_status":"closed","ping_status":"closed","sticky":false,"template":"","format":"standard","meta":{"footnotes":""},"categories":[301,436,439],"tags":[],"class_list":["post-216026","post","type-post","status-publish","format-standard","has-post-thumbnail","hentry","category-artigos-policiais","category-destaque-da-semana","category-ultima-hora"],"_links":{"self":[{"href":"https:\/\/diarioregionaldigital.com.br\/index.php?rest_route=\/wp\/v2\/posts\/216026","targetHints":{"allow":["GET"]}}],"collection":[{"href":"https:\/\/diarioregionaldigital.com.br\/index.php?rest_route=\/wp\/v2\/posts"}],"about":[{"href":"https:\/\/diarioregionaldigital.com.br\/index.php?rest_route=\/wp\/v2\/types\/post"}],"author":[{"embeddable":true,"href":"https:\/\/diarioregionaldigital.com.br\/index.php?rest_route=\/wp\/v2\/users\/246"}],"replies":[{"embeddable":true,"href":"https:\/\/diarioregionaldigital.com.br\/index.php?rest_route=%2Fwp%2Fv2%2Fcomments&post=216026"}],"version-history":[{"count":1,"href":"https:\/\/diarioregionaldigital.com.br\/index.php?rest_route=\/wp\/v2\/posts\/216026\/revisions"}],"predecessor-version":[{"id":216028,"href":"https:\/\/diarioregionaldigital.com.br\/index.php?rest_route=\/wp\/v2\/posts\/216026\/revisions\/216028"}],"wp:featuredmedia":[{"embeddable":true,"href":"https:\/\/diarioregionaldigital.com.br\/index.php?rest_route=\/wp\/v2\/media\/216027"}],"wp:attachment":[{"href":"https:\/\/diarioregionaldigital.com.br\/index.php?rest_route=%2Fwp%2Fv2%2Fmedia&parent=216026"}],"wp:term":[{"taxonomy":"category","embeddable":true,"href":"https:\/\/diarioregionaldigital.com.br\/index.php?rest_route=%2Fwp%2Fv2%2Fcategories&post=216026"},{"taxonomy":"post_tag","embeddable":true,"href":"https:\/\/diarioregionaldigital.com.br\/index.php?rest_route=%2Fwp%2Fv2%2Ftags&post=216026"}],"curies":[{"name":"wp","href":"https:\/\/api.w.org\/{rel}","templated":true}]}}