{"id":216023,"date":"2023-07-13T01:44:27","date_gmt":"2023-07-13T04:44:27","guid":{"rendered":"https:\/\/diarioregionaldigital.com.br\/?p=216023"},"modified":"2023-07-13T01:44:27","modified_gmt":"2023-07-13T04:44:27","slug":"prefeitura-da-sequencia-a-pavimentacao-na-rua-jatoba-bairro-amazonia","status":"publish","type":"post","link":"https:\/\/diarioregionaldigital.com.br\/?p=216023","title":{"rendered":"Prefeitura d\u00e1 sequ\u00eancia \u00e0 pavimenta\u00e7\u00e3o na rua Jatob\u00e1, bairro Amaz\u00f4nia"},"content":{"rendered":"<p>Segundo informa\u00e7\u00f5es do site da Prefeitura de Juiz de Fora (PJF), os trabalhos da Prefeitura de Juiz de Fora (PJF) n\u00e3o param. Nesta semana, equipes da PJF est\u00e3o na Rua Jatob\u00e1, no bairro Amaz\u00f4nia, pavimentando um trecho de quase 200 metros de extens\u00e3o da via.<\/p>\n<div><\/div>\n<div>A recomposi\u00e7\u00e3o asf\u00e1ltica acontece ap\u00f3s a conclus\u00e3o dos servi\u00e7os de remodela\u00e7\u00e3o na rede de drenagem, realizada pela Secretaria de Obras (SO). A regi\u00e3o recebeu cerca de 150 metros da nova rede, que incluiu a instala\u00e7\u00e3o de novas manilhas e tubula\u00e7\u00f5es adequadas.<\/div>\n<div><\/div>\n<div>A interven\u00e7\u00e3o \u00e9 uma antiga demanda dos moradores que, h\u00e1 anos, sofrem com os alagamentos durante o per\u00edodo chuvoso. Al\u00e9m de resolver o problema das enchentes, as obras trazem mais conforto e seguran\u00e7a para a popula\u00e7\u00e3o do bairro Amaz\u00f4nia. A previs\u00e3o \u00e9 que a pavimenta\u00e7\u00e3o da via seja conclu\u00edda at\u00e9 a pr\u00f3xima sexta-feira, 14.<\/div>\n<div><\/div>\n<p>Vale lembrar que todos os trabalhos de zeladoria do munic\u00edpio fazem parte do Programa Boniteza. A programa\u00e7\u00e3o completa das atividades realizadas pela PJF pode ser consultada atrav\u00e9s da p\u00e1gina do Gabinete, pelo<strong>\u00a0<\/strong><strong><a href=\"https:\/\/www.pjf.mg.gov.br\/gabinetecomunitario\/#onde\">link<\/a><\/strong>.<\/p>\n","protected":false},"excerpt":{"rendered":"<p>Segundo informa\u00e7\u00f5es do site da Prefeitura de Juiz de Fora (PJF), os trabalhos da Prefeitura de Juiz de Fora (PJF) n\u00e3o param. Nesta semana, equipes da PJF est\u00e3o na Rua Jatob\u00e1, no bairro Amaz\u00f4nia, pavimentando um trecho de quase 200 metros de extens\u00e3o da via. A recomposi\u00e7\u00e3o asf\u00e1ltica acontece ap\u00f3s a conclus\u00e3o dos servi\u00e7os de [&hellip;]<\/p>\n","protected":false},"author":246,"featured_media":216024,"comment_status":"closed","ping_status":"closed","sticky":false,"template":"","format":"standard","meta":{"footnotes":""},"categories":[253,436,439],"tags":[],"class_list":["post-216023","post","type-post","status-publish","format-standard","has-post-thumbnail","hentry","category-cidade","category-destaque-da-semana","category-ultima-hora"],"_links":{"self":[{"href":"https:\/\/diarioregionaldigital.com.br\/index.php?rest_route=\/wp\/v2\/posts\/216023","targetHints":{"allow":["GET"]}}],"collection":[{"href":"https:\/\/diarioregionaldigital.com.br\/index.php?rest_route=\/wp\/v2\/posts"}],"about":[{"href":"https:\/\/diarioregionaldigital.com.br\/index.php?rest_route=\/wp\/v2\/types\/post"}],"author":[{"embeddable":true,"href":"https:\/\/diarioregionaldigital.com.br\/index.php?rest_route=\/wp\/v2\/users\/246"}],"replies":[{"embeddable":true,"href":"https:\/\/diarioregionaldigital.com.br\/index.php?rest_route=%2Fwp%2Fv2%2Fcomments&post=216023"}],"version-history":[{"count":1,"href":"https:\/\/diarioregionaldigital.com.br\/index.php?rest_route=\/wp\/v2\/posts\/216023\/revisions"}],"predecessor-version":[{"id":216025,"href":"https:\/\/diarioregionaldigital.com.br\/index.php?rest_route=\/wp\/v2\/posts\/216023\/revisions\/216025"}],"wp:featuredmedia":[{"embeddable":true,"href":"https:\/\/diarioregionaldigital.com.br\/index.php?rest_route=\/wp\/v2\/media\/216024"}],"wp:attachment":[{"href":"https:\/\/diarioregionaldigital.com.br\/index.php?rest_route=%2Fwp%2Fv2%2Fmedia&parent=216023"}],"wp:term":[{"taxonomy":"category","embeddable":true,"href":"https:\/\/diarioregionaldigital.com.br\/index.php?rest_route=%2Fwp%2Fv2%2Fcategories&post=216023"},{"taxonomy":"post_tag","embeddable":true,"href":"https:\/\/diarioregionaldigital.com.br\/index.php?rest_route=%2Fwp%2Fv2%2Ftags&post=216023"}],"curies":[{"name":"wp","href":"https:\/\/api.w.org\/{rel}","templated":true}]}}