{"id":216020,"date":"2023-07-13T01:41:05","date_gmt":"2023-07-13T04:41:05","guid":{"rendered":"https:\/\/diarioregionaldigital.com.br\/?p=216020"},"modified":"2023-07-13T01:41:05","modified_gmt":"2023-07-13T04:41:05","slug":"guarda-municipal-tem-crescimento-nos-servicos-no-primeiro-semestre-de-2023","status":"publish","type":"post","link":"https:\/\/diarioregionaldigital.com.br\/?p=216020","title":{"rendered":"Guarda Municipal tem crescimento nos servi\u00e7os no primeiro semestre de 2023"},"content":{"rendered":"<p>Segundo informa\u00e7\u00f5es do site da Prefeitura de Juiz de Fora (PJF), a\u00a0Guarda Municipal acaba de apresentar balan\u00e7o dos atendimentos realizados pelo \u00f3rg\u00e3o entre janeiro e junho de 2023. Foram feitos 8.203 registros de atua\u00e7\u00e3o no per\u00edodo. Destes, 4.989, o que representa 60,8%, se referem \u00e0 efetiva\u00e7\u00e3o de rondas e patrulhamentos preventivos de vias e espa\u00e7os p\u00fablicos do munic\u00edpio. Os n\u00fameros indicam um crescimento do emprego da Guarda. Na compara\u00e7\u00e3o do primeiro com o segundo trimestre do ano, houve um aumento de 19% nas a\u00e7\u00f5es. Nos tr\u00eas primeiros meses, a corpora\u00e7\u00e3o totalizou 3.751 registros de atua\u00e7\u00e3o. No segundo trimestre, o quantitativo chegou \u00e0 marca de 4.452 atividades de seguran\u00e7a p\u00fablica efetivadas.<\/p>\n<p>&nbsp;<\/p>\n<div>Os dados s\u00e3o do relat\u00f3rio gerencial gerado a partir do Sistema Nacional de Informa\u00e7\u00f5es de Seguran\u00e7a P\u00fablica (Sinesp-CAD), plataforma do Minist\u00e9rio da Justi\u00e7a e Seguran\u00e7a P\u00fablica (MJSP), \u00e0 qual Juiz de Fora fez ades\u00e3o em agosto de 2022. Todas as atividades que demandam o emprego operacional da Guarda Municipal s\u00e3o integralmente registradas, mensuradas e geridas pelo sistema, sejam elas referentes a patrulhamentos e apoios, previstos em plano de trabalho, acionamentos ou atendimentos de ocorr\u00eancias realizados pela corpora\u00e7\u00e3o.<\/div>\n<p>&nbsp;<\/p>\n<div>O documento evidencia como principal caracter\u00edstica do trabalho da Guarda a presen\u00e7a no espa\u00e7o p\u00fablico e em equipamentos como pra\u00e7as, unidades dos servi\u00e7os de sa\u00fade e escolas, cumprindo a fun\u00e7\u00e3o de prote\u00e7\u00e3o preventiva atribu\u00edda ao \u00f3rg\u00e3o. Mais de 60% dos empenhos se enquadram na modalidade de rondas de patrulhamento e preven\u00e7\u00e3o. Atividade que confere aumento da sensa\u00e7\u00e3o de seguran\u00e7a para a popula\u00e7\u00e3o que se movimenta pelas principais \u00e1reas de circula\u00e7\u00e3o e aglomera\u00e7\u00e3o de pessoas da cidade.<\/div>\n<p>&nbsp;<\/p>\n<div>No semestre, as rondas aos servi\u00e7os de Urg\u00eancia e Emerg\u00eancia foram as mais prevalentes, com 1.012 registros. As rondas a p\u00e9 nas vias centrais somaram 852 empenhos. Nas pra\u00e7as da \u00e1rea central foram efetuados 679 patrulhamentos de proximidade. Outros equipamentos como parques e servi\u00e7os da administra\u00e7\u00e3o municipal tiveram 652 visitas das equipes da Guarda. Unidades B\u00e1sicas de Sa\u00fade contabilizaram 623 passagens. E escolas municipais foram atendidas em 421 oportunidades.<\/div>\n<p>&nbsp;<\/p>\n<div>Melhorias como a aquisi\u00e7\u00e3o de novas viaturas t\u00eam cooperado para a amplia\u00e7\u00e3o da abrang\u00eancia do trabalho preventivo da Guarda. Os ve\u00edculos trazem mais mobilidade \u00e0s equipes, possibilitando a intensifica\u00e7\u00e3o do patrulhamento e amplia\u00e7\u00e3o do raio de alcance do trabalho da Guarda.<\/div>\n<div><\/div>\n<div>A fun\u00e7\u00e3o principal da Guarda, conforme estabelece a\u00a0<a href=\"https:\/\/www.planalto.gov.br\/ccivil_03\/_ato2011-2014\/2014\/lei\/l13022.htm\"><strong>Lei 13022\/14<\/strong><\/a>\u00a0(Estatuto Geral das Guardas Municipais), \u00e9 a prote\u00e7\u00e3o municipal preventiva, o que compreende a integridade f\u00edsica de servidores e cidad\u00e3os, bem maior a ser assegurado. A mesma lei amplia a atua\u00e7\u00e3o da corpora\u00e7\u00e3o para al\u00e9m da fun\u00e7\u00e3o estrita de prote\u00e7\u00e3o a bens, servi\u00e7os e instala\u00e7\u00f5es dos servi\u00e7os p\u00fablicos municipais, atribuindo \u00e0 Guarda compet\u00eancia para atua\u00e7\u00e3o nos logradouros p\u00fablicos municipais, raz\u00e3o pela qual a corpora\u00e7\u00e3o realiza patrulhamento preventivo nas ruas da cidade.<\/div>\n","protected":false},"excerpt":{"rendered":"<p>Segundo informa\u00e7\u00f5es do site da Prefeitura de Juiz de Fora (PJF), a\u00a0Guarda Municipal acaba de apresentar balan\u00e7o dos atendimentos realizados pelo \u00f3rg\u00e3o entre janeiro e junho de 2023. Foram feitos 8.203 registros de atua\u00e7\u00e3o no per\u00edodo. Destes, 4.989, o que representa 60,8%, se referem \u00e0 efetiva\u00e7\u00e3o de rondas e patrulhamentos preventivos de vias e espa\u00e7os [&hellip;]<\/p>\n","protected":false},"author":246,"featured_media":216021,"comment_status":"closed","ping_status":"closed","sticky":false,"template":"","format":"standard","meta":{"footnotes":""},"categories":[253,436,439],"tags":[],"class_list":["post-216020","post","type-post","status-publish","format-standard","has-post-thumbnail","hentry","category-cidade","category-destaque-da-semana","category-ultima-hora"],"_links":{"self":[{"href":"https:\/\/diarioregionaldigital.com.br\/index.php?rest_route=\/wp\/v2\/posts\/216020","targetHints":{"allow":["GET"]}}],"collection":[{"href":"https:\/\/diarioregionaldigital.com.br\/index.php?rest_route=\/wp\/v2\/posts"}],"about":[{"href":"https:\/\/diarioregionaldigital.com.br\/index.php?rest_route=\/wp\/v2\/types\/post"}],"author":[{"embeddable":true,"href":"https:\/\/diarioregionaldigital.com.br\/index.php?rest_route=\/wp\/v2\/users\/246"}],"replies":[{"embeddable":true,"href":"https:\/\/diarioregionaldigital.com.br\/index.php?rest_route=%2Fwp%2Fv2%2Fcomments&post=216020"}],"version-history":[{"count":1,"href":"https:\/\/diarioregionaldigital.com.br\/index.php?rest_route=\/wp\/v2\/posts\/216020\/revisions"}],"predecessor-version":[{"id":216022,"href":"https:\/\/diarioregionaldigital.com.br\/index.php?rest_route=\/wp\/v2\/posts\/216020\/revisions\/216022"}],"wp:featuredmedia":[{"embeddable":true,"href":"https:\/\/diarioregionaldigital.com.br\/index.php?rest_route=\/wp\/v2\/media\/216021"}],"wp:attachment":[{"href":"https:\/\/diarioregionaldigital.com.br\/index.php?rest_route=%2Fwp%2Fv2%2Fmedia&parent=216020"}],"wp:term":[{"taxonomy":"category","embeddable":true,"href":"https:\/\/diarioregionaldigital.com.br\/index.php?rest_route=%2Fwp%2Fv2%2Fcategories&post=216020"},{"taxonomy":"post_tag","embeddable":true,"href":"https:\/\/diarioregionaldigital.com.br\/index.php?rest_route=%2Fwp%2Fv2%2Ftags&post=216020"}],"curies":[{"name":"wp","href":"https:\/\/api.w.org\/{rel}","templated":true}]}}