{"id":216010,"date":"2023-07-13T01:32:36","date_gmt":"2023-07-13T04:32:36","guid":{"rendered":"https:\/\/diarioregionaldigital.com.br\/?p=216010"},"modified":"2023-07-13T01:32:36","modified_gmt":"2023-07-13T04:32:36","slug":"selecao-feminina-encara-china-em-ultimo-teste-antes-da-copa-do-mundo","status":"publish","type":"post","link":"https:\/\/diarioregionaldigital.com.br\/?p=216010","title":{"rendered":"Sele\u00e7\u00e3o feminina encara China, em \u00faltimo teste antes da Copa do Mundo"},"content":{"rendered":"<p>A oito dias do in\u00edcio da Copa do Mundo Feminina de Futebol, a sele\u00e7\u00e3o brasileira faz jogo-treino contra a China, a partir das 23h (hor\u00e1rio de Bras\u00edlia) desta quarta-feira (12) \u2013 meio-dia de quinta (13) na Austr\u00e1lia &#8211; em \u00faltimo teste antes da estreia na competi\u00e7\u00e3o. A partida ser\u00e1 fechada ao p\u00fablico e \u00e0 imprensa, no campo de\u00a0 futebol no complexo esportivo do resort Roynal Pines, onde a equipe est\u00e1 hospedada. O jogo ocorrer\u00e1 em tr\u00eas tempos de 30 minutos.<img decoding=\"async\" src=\"https:\/\/agenciabrasil.ebc.com.br\/ebc.png?id=1543495&amp;o=node\" \/><img decoding=\"async\" src=\"https:\/\/agenciabrasil.ebc.com.br\/ebc.gif?id=1543495&amp;o=node\" \/><\/p>\n<p>A t\u00e9cnica Pia\u00a0Sundhage fez o \u00faltimos ajustes na prepara\u00e7\u00e3o do\u00a0 time na noite de ter\u00e7a (11), j\u00e1 esbo\u00e7ando a poss\u00edvel escala\u00e7\u00e3o para o jogo-treino desta noite. A meia-atacante Marta n\u00e3o participou das atividades, devido a um desconforto muscular. A equipe treinou\u00a0jogadas ofensivas de bola parada e tamb\u00e9m defensivas.<\/p>\n<div class=\"dnd-widget-wrapper context-cheio_8colunas type-image\">\n<div class=\"dnd-atom-rendered\">\n<div class=\"shadow overflow-hidden rounded-lg d-block zoom-on-hover-sm shadow-hover w-100\"><img decoding=\"async\" class=\"flex-fill img-cover\" title=\"Thais Magalh\u00e3es\/CBF\/Direitos Reservados\" src=\"https:\/\/imagens.ebc.com.br\/MWg2J7aEQllbxnyUjjyNWAJkSpk=\/754x0\/smart\/https:\/\/agenciabrasil.ebc.com.br\/sites\/default\/files\/thumbnails\/image\/leticia_izidoro_goleira_selecao_fem_bras_fut.jpeg?itok=QzxX3Mem\" alt=\"Let\u00edcia Isidoro, goleira, sele\u00e3o brasileira feminina, Copa do Mundo  - treino em Golden Coast em 12\/07\/2023 \" \/><\/div>\n<\/div>\n<div class=\"dnd-caption-wrapper\">\n<div class=\"meta\">Para Let\u00edcia Isidoro, goleira titular da\u00a0sele\u00e7\u00e3o brasileira, o jogo-treino com a China ser\u00e1 uma boa oportunidade para a equipe verificar o que est\u00e1 bom e o que ainda precisa melhorar antes da estreia no Mundial &#8211;<strong>\u00a0Thais Magalh\u00e3es\/CBF\/Direitos Reservados<\/strong><\/div>\n<\/div>\n<\/div>\n<p>&#8220;\u00c9 importante pra gente poder avaliar tamb\u00e9m como que est\u00e1 a nossa parte t\u00e1tica, como a equipe est\u00e1 evoluindo e o que vamos precisar melhorar at\u00e9 a estreia no Mundial. Vai ser mais importante em quest\u00e3o de ajuste para a nossa estreia na Copa do Mundo&#8221;, afirmou a goleira L\u00e9ticia Izidoro, em depoimento ao site da Confedera\u00e7\u00e3o Brasileira de Futebol (CBF), que come\u00e7ou na sele\u00e7\u00e3o sub-17 e vai para seu terceiro Mundial profissional, o primeiro como titular.\u00a0&#8220;Mesmo sendo uma sele\u00e7\u00e3o que a gente n\u00e3o enfrente na primeira fase da Copa do Mundo, vai gerar um certo desconforto e uma dificuldade. Vamos ver o que realmente est\u00e1 pronto para o Mundial e o que precisamos melhorar. Acho que \u00e9 boa essa mistura de escolas porque, assim, chegamos preparadas para tudo que possa acontecer no Mundial e n\u00e3o ter nenhum imprevisto&#8221;, concluiu Let\u00edcia.<\/p>\n<p>O \u00faltimo confronto entre Brasil e China ocorreu na primeira rodada da Olimp\u00edada de T\u00f3quio (Jap\u00e3o), quando a sele\u00e7\u00e3o levou a melhor, por 5 a 0, com dois gols de Marta e os demais marcados por Bia Zaneratto, Debinha e Andressa Alves.<\/p>\n<p>O Mundial come\u00e7a em 20 de julho (quinta-feira), \u00e0s 4h (hor\u00e1rio de Bras\u00edlia). A sele\u00e7\u00e3o far\u00e1 sua estreia quatro dias depois \u2013 uma segunda-feira \u2013 \u00e0s 8h, contra o Panam\u00e1, na cidade de Adelaide, em jogo pelo grupo E. As demais partidas da primeira fase do Mundial ser\u00e3o contra a Fran\u00e7a, no dia 29 em Brisbane (Austr\u00e1lia), e contra a Jamaica em 2 de agosto.<\/p>\n<p><span style=\"font-weight: 400;\">Fonte:\u00a0 Ag\u00eancia Brasil\u00a0<\/span><span style=\"font-weight: 400;\"><br \/>\n<\/span><\/p>\n","protected":false},"excerpt":{"rendered":"<p>A oito dias do in\u00edcio da Copa do Mundo Feminina de Futebol, a sele\u00e7\u00e3o brasileira faz jogo-treino contra a China, a partir das 23h (hor\u00e1rio de Bras\u00edlia) desta quarta-feira (12) \u2013 meio-dia de quinta (13) na Austr\u00e1lia &#8211; em \u00faltimo teste antes da estreia na competi\u00e7\u00e3o. A partida ser\u00e1 fechada ao p\u00fablico e \u00e0 imprensa, [&hellip;]<\/p>\n","protected":false},"author":246,"featured_media":216011,"comment_status":"closed","ping_status":"closed","sticky":false,"template":"","format":"standard","meta":{"footnotes":""},"categories":[436,257,439],"tags":[],"class_list":["post-216010","post","type-post","status-publish","format-standard","has-post-thumbnail","hentry","category-destaque-da-semana","category-esporte","category-ultima-hora"],"_links":{"self":[{"href":"https:\/\/diarioregionaldigital.com.br\/index.php?rest_route=\/wp\/v2\/posts\/216010","targetHints":{"allow":["GET"]}}],"collection":[{"href":"https:\/\/diarioregionaldigital.com.br\/index.php?rest_route=\/wp\/v2\/posts"}],"about":[{"href":"https:\/\/diarioregionaldigital.com.br\/index.php?rest_route=\/wp\/v2\/types\/post"}],"author":[{"embeddable":true,"href":"https:\/\/diarioregionaldigital.com.br\/index.php?rest_route=\/wp\/v2\/users\/246"}],"replies":[{"embeddable":true,"href":"https:\/\/diarioregionaldigital.com.br\/index.php?rest_route=%2Fwp%2Fv2%2Fcomments&post=216010"}],"version-history":[{"count":1,"href":"https:\/\/diarioregionaldigital.com.br\/index.php?rest_route=\/wp\/v2\/posts\/216010\/revisions"}],"predecessor-version":[{"id":216012,"href":"https:\/\/diarioregionaldigital.com.br\/index.php?rest_route=\/wp\/v2\/posts\/216010\/revisions\/216012"}],"wp:featuredmedia":[{"embeddable":true,"href":"https:\/\/diarioregionaldigital.com.br\/index.php?rest_route=\/wp\/v2\/media\/216011"}],"wp:attachment":[{"href":"https:\/\/diarioregionaldigital.com.br\/index.php?rest_route=%2Fwp%2Fv2%2Fmedia&parent=216010"}],"wp:term":[{"taxonomy":"category","embeddable":true,"href":"https:\/\/diarioregionaldigital.com.br\/index.php?rest_route=%2Fwp%2Fv2%2Fcategories&post=216010"},{"taxonomy":"post_tag","embeddable":true,"href":"https:\/\/diarioregionaldigital.com.br\/index.php?rest_route=%2Fwp%2Fv2%2Ftags&post=216010"}],"curies":[{"name":"wp","href":"https:\/\/api.w.org\/{rel}","templated":true}]}}