{"id":216007,"date":"2023-07-13T01:31:29","date_gmt":"2023-07-13T04:31:29","guid":{"rendered":"https:\/\/diarioregionaldigital.com.br\/?p=216007"},"modified":"2023-07-13T01:31:29","modified_gmt":"2023-07-13T04:31:29","slug":"futsal-brasileiro-perde-o-tecnico-fernando-ferretti","status":"publish","type":"post","link":"https:\/\/diarioregionaldigital.com.br\/?p=216007","title":{"rendered":"Futsal brasileiro perde o t\u00e9cnico Fernando Ferretti"},"content":{"rendered":"<p>O futsal brasileiro perdeu um de seus grandes nomes nesta quarta-feira (12), Fernando Ferretti. O treinador, que conquistou a Liga Nacional de Futsal em cinco oportunidades, a Ta\u00e7a Brasil de Clubes em onze e a Libertadores em seis, comandou a sele\u00e7\u00e3o brasileira na Copa do Mundo da modalidade em 2004.<img decoding=\"async\" src=\"https:\/\/agenciabrasil.ebc.com.br\/ebc.png?id=1543523&amp;o=node\" \/><img decoding=\"async\" src=\"https:\/\/agenciabrasil.ebc.com.br\/ebc.gif?id=1543523&amp;o=node\" \/><\/p>\n<p>Ferretti, que tinha 69 anos, estava internado em um hospital de Joinville (Santa Catarina). A causa da morte n\u00e3o foi revelada.<\/p>\n<p>A morte do treinador repercutiu muito no meio do esporte. O atual comandante da sele\u00e7\u00e3o brasileira de futsal, Marquinhos Xavier, lamentou a partida de Ferretti: \u201cVoc\u00ea est\u00e1 levando uma parte de mim. Te amarei para sempre. Obrigado por ter o privil\u00e9gio de estar do teu lado sempre, nas boas e nas ruins. Descansa meu mestre\u201d.<\/p>\n<p>Quem tamb\u00e9m se pronunciou foi o ex-jogador Falc\u00e3o, em postagem nas redes sociais: \u201cQue tristeza! Obrigado por tudo, meu professor, meu amigo, meu pai no esporte! Devo tudo a voc\u00ea, 80% da minha carreira juntos. Como voc\u00ea foi importante, voc\u00ea n\u00e3o tem no\u00e7\u00e3o do quanto. Vai descansar, guerreiro, seu legado ser\u00e1 eterno\u201d.<\/p>\n<p>A Confedera\u00e7\u00e3o Brasileira de Futebol (CBF) afirmou que, \u201cneste momento de imensa tristeza, se compadece do falecimento de uma das lendas do futsal brasileiro e presta suas condol\u00eancias aos familiares e amigos de Fernando Ferretti\u201d.<\/p>\n<p>O sepultamento de Fernando Ferretti est\u00e1 programado para ser realizado na pr\u00f3xima quinta-feira (13), a partir das 16h (hor\u00e1rio de Bras\u00edlia), no cemit\u00e9rio vertical municipal de Joinville.<\/p>\n<p><span style=\"font-weight: 400;\">Fonte:\u00a0 Ag\u00eancia Brasil <\/span><\/p>\n","protected":false},"excerpt":{"rendered":"<p>O futsal brasileiro perdeu um de seus grandes nomes nesta quarta-feira (12), Fernando Ferretti. O treinador, que conquistou a Liga Nacional de Futsal em cinco oportunidades, a Ta\u00e7a Brasil de Clubes em onze e a Libertadores em seis, comandou a sele\u00e7\u00e3o brasileira na Copa do Mundo da modalidade em 2004. Ferretti, que tinha 69 anos, [&hellip;]<\/p>\n","protected":false},"author":246,"featured_media":216008,"comment_status":"closed","ping_status":"closed","sticky":false,"template":"","format":"standard","meta":{"footnotes":""},"categories":[436,257,439],"tags":[],"class_list":["post-216007","post","type-post","status-publish","format-standard","has-post-thumbnail","hentry","category-destaque-da-semana","category-esporte","category-ultima-hora"],"_links":{"self":[{"href":"https:\/\/diarioregionaldigital.com.br\/index.php?rest_route=\/wp\/v2\/posts\/216007","targetHints":{"allow":["GET"]}}],"collection":[{"href":"https:\/\/diarioregionaldigital.com.br\/index.php?rest_route=\/wp\/v2\/posts"}],"about":[{"href":"https:\/\/diarioregionaldigital.com.br\/index.php?rest_route=\/wp\/v2\/types\/post"}],"author":[{"embeddable":true,"href":"https:\/\/diarioregionaldigital.com.br\/index.php?rest_route=\/wp\/v2\/users\/246"}],"replies":[{"embeddable":true,"href":"https:\/\/diarioregionaldigital.com.br\/index.php?rest_route=%2Fwp%2Fv2%2Fcomments&post=216007"}],"version-history":[{"count":1,"href":"https:\/\/diarioregionaldigital.com.br\/index.php?rest_route=\/wp\/v2\/posts\/216007\/revisions"}],"predecessor-version":[{"id":216009,"href":"https:\/\/diarioregionaldigital.com.br\/index.php?rest_route=\/wp\/v2\/posts\/216007\/revisions\/216009"}],"wp:featuredmedia":[{"embeddable":true,"href":"https:\/\/diarioregionaldigital.com.br\/index.php?rest_route=\/wp\/v2\/media\/216008"}],"wp:attachment":[{"href":"https:\/\/diarioregionaldigital.com.br\/index.php?rest_route=%2Fwp%2Fv2%2Fmedia&parent=216007"}],"wp:term":[{"taxonomy":"category","embeddable":true,"href":"https:\/\/diarioregionaldigital.com.br\/index.php?rest_route=%2Fwp%2Fv2%2Fcategories&post=216007"},{"taxonomy":"post_tag","embeddable":true,"href":"https:\/\/diarioregionaldigital.com.br\/index.php?rest_route=%2Fwp%2Fv2%2Ftags&post=216007"}],"curies":[{"name":"wp","href":"https:\/\/api.w.org\/{rel}","templated":true}]}}