{"id":215998,"date":"2023-07-13T01:23:49","date_gmt":"2023-07-13T04:23:49","guid":{"rendered":"https:\/\/diarioregionaldigital.com.br\/?p=215998"},"modified":"2023-07-13T01:23:49","modified_gmt":"2023-07-13T04:23:49","slug":"bolsonaro-deixa-a-pf-apos-depoimento","status":"publish","type":"post","link":"https:\/\/diarioregionaldigital.com.br\/?p=215998","title":{"rendered":"Bolsonaro deixa a PF ap\u00f3s depoimento"},"content":{"rendered":"<p>Ap\u00f3s cerca de duas horas de depoimento, o ex-presidente Jair Bolsonaro deixou a sede da Pol\u00edcia Federal (PF), em Bras\u00edlia. Ele foi ouvido no inqu\u00e9rito que investiga uma tentativa de golpe de Estado que teria sido articulada pelo senador Marcos do Val (Podemos-ES). O inqu\u00e9rito foi aberto em fevereiro pelo ministro do Supremo Tribunal Federal Alexandre de Moraes.<img decoding=\"async\" src=\"https:\/\/agenciabrasil.ebc.com.br\/ebc.png?id=1543449&amp;o=node\" \/><img decoding=\"async\" src=\"https:\/\/agenciabrasil.ebc.com.br\/ebc.gif?id=1543449&amp;o=node\" \/><\/p>\n<p>Questionada, a Pol\u00edcia Federal n\u00e3o revelou o conte\u00fado do depoimento. Bolsonaro\u00a0<a href=\"https:\/\/agenciabrasil.ebc.com.br\/justica\/noticia\/2023-07\/bolsonaro-chega-policia-federal-para-prestar-depoimento\" target=\"_blank\" rel=\"noopener\">chegou na\u00a0PF por volta de 13h40<\/a>. O ex-presidente come\u00e7ou a ser ouvido por volta das 14h. Antes das 16h30, a oitiva se encerrava.<\/p>\n<p>Em conversa com a imprensa na sa\u00edda, Bolsonaro negou ter qualquer v\u00ednculo com Marcos do Val, apesar de admitir ter participado de uma reuni\u00e3o com o senador e o ent\u00e3o deputado federal Daniel Silveira no in\u00edcio de dezembro. \u00c9 o conte\u00fado dessa reuni\u00e3o que est\u00e1 sendo investigado pela pol\u00edcia. As suspeitas s\u00e3o de que os tr\u00eas discutiram uma poss\u00edvel tentativa dar um golpe de Estado, invalidando as elei\u00e7\u00f5es ocorridas pouco mais de um m\u00eas antes.<\/p>\n<p>\u201cNada aconteceu no dia 8 de dezembro. At\u00e9 porque n\u00e3o tinha nenhum v\u00ednculo com o senhor Marcos do Val. Que eu me lembre, nunca tive uma reuni\u00e3o com ele, nunca o recebi em audi\u00eancia, a n\u00e3o ser, talvez, fotografia, que \u00e9 muito comum acontecer entre n\u00f3s. Ent\u00e3o, nada foi tratado, n\u00e3o tinha nenhum plano\u201d, disse o ex-presidente.<\/p>\n<p>Ele afirmou que ficou calado durante todo o encontro com os parlamentares, ambos da base de seu governo. \u201cO que eu tirei da conversa, fiquei calado ali, era que o Daniel Silveira queria que o Marcos do Val falasse alguma coisa. Ele tamb\u00e9m n\u00e3o falou nada\u201d.<\/p>\n<p>A impress\u00e3o que ele afirma ter de Silveira e do Val \u00e9 que os dois n\u00e3o tinham h\u00e1bito de conversar entre eles, mas ambos se aproximaram ap\u00f3s o senador dizer durante uma audi\u00eancia p\u00fablica que precisaria se ausentar para uma reuni\u00e3o com o ministro do Supremo.<\/p>\n<p>\u201cPassou a ter [uma rela\u00e7\u00e3o entre os dois parlamentares] ap\u00f3s aquela audi\u00eancia p\u00fablica onde o Marcos do Val, ao falar que iria se encontrar com o ministro Alexandre de Moraes, poderia extrair algo de \u00fatil desse poss\u00edvel relacionamento entre o senador e o ministro\u201d.<\/p>\n<p>As suspeitas\u00a0s\u00e3o de que o senador queria gravar a conversa na busca por uma declara\u00e7\u00e3o do ministro admitindo ter, em algum momento, ultrapassado \u201cas quatro linhas da Constitui\u00e7\u00e3o\u201d. Essa admiss\u00e3o de culpa, que nunca ocorreu por parte do magistrado, poderia ser usada como argumento para questionar o resultado das elei\u00e7\u00f5es de 2022, na qual Bolsonaro foi derrotado por Luiz In\u00e1cio Lula da Silva.<\/p>\n<p><span style=\"font-weight: 400;\">Fonte:\u00a0 Ag\u00eancia Brasil <\/span><\/p>\n","protected":false},"excerpt":{"rendered":"<p>Ap\u00f3s cerca de duas horas de depoimento, o ex-presidente Jair Bolsonaro deixou a sede da Pol\u00edcia Federal (PF), em Bras\u00edlia. Ele foi ouvido no inqu\u00e9rito que investiga uma tentativa de golpe de Estado que teria sido articulada pelo senador Marcos do Val (Podemos-ES). O inqu\u00e9rito foi aberto em fevereiro pelo ministro do Supremo Tribunal Federal [&hellip;]<\/p>\n","protected":false},"author":246,"featured_media":215999,"comment_status":"closed","ping_status":"closed","sticky":false,"template":"","format":"standard","meta":{"footnotes":""},"categories":[436,254,439],"tags":[],"class_list":["post-215998","post","type-post","status-publish","format-standard","has-post-thumbnail","hentry","category-destaque-da-semana","category-politica","category-ultima-hora"],"_links":{"self":[{"href":"https:\/\/diarioregionaldigital.com.br\/index.php?rest_route=\/wp\/v2\/posts\/215998","targetHints":{"allow":["GET"]}}],"collection":[{"href":"https:\/\/diarioregionaldigital.com.br\/index.php?rest_route=\/wp\/v2\/posts"}],"about":[{"href":"https:\/\/diarioregionaldigital.com.br\/index.php?rest_route=\/wp\/v2\/types\/post"}],"author":[{"embeddable":true,"href":"https:\/\/diarioregionaldigital.com.br\/index.php?rest_route=\/wp\/v2\/users\/246"}],"replies":[{"embeddable":true,"href":"https:\/\/diarioregionaldigital.com.br\/index.php?rest_route=%2Fwp%2Fv2%2Fcomments&post=215998"}],"version-history":[{"count":1,"href":"https:\/\/diarioregionaldigital.com.br\/index.php?rest_route=\/wp\/v2\/posts\/215998\/revisions"}],"predecessor-version":[{"id":216000,"href":"https:\/\/diarioregionaldigital.com.br\/index.php?rest_route=\/wp\/v2\/posts\/215998\/revisions\/216000"}],"wp:featuredmedia":[{"embeddable":true,"href":"https:\/\/diarioregionaldigital.com.br\/index.php?rest_route=\/wp\/v2\/media\/215999"}],"wp:attachment":[{"href":"https:\/\/diarioregionaldigital.com.br\/index.php?rest_route=%2Fwp%2Fv2%2Fmedia&parent=215998"}],"wp:term":[{"taxonomy":"category","embeddable":true,"href":"https:\/\/diarioregionaldigital.com.br\/index.php?rest_route=%2Fwp%2Fv2%2Fcategories&post=215998"},{"taxonomy":"post_tag","embeddable":true,"href":"https:\/\/diarioregionaldigital.com.br\/index.php?rest_route=%2Fwp%2Fv2%2Ftags&post=215998"}],"curies":[{"name":"wp","href":"https:\/\/api.w.org\/{rel}","templated":true}]}}