{"id":215950,"date":"2023-07-11T20:00:27","date_gmt":"2023-07-11T23:00:27","guid":{"rendered":"https:\/\/diarioregionaldigital.com.br\/?p=215950"},"modified":"2023-07-11T20:00:27","modified_gmt":"2023-07-11T23:00:27","slug":"supremo-valida-estatuto-dos-guardas-municipais","status":"publish","type":"post","link":"https:\/\/diarioregionaldigital.com.br\/?p=215950","title":{"rendered":"Supremo valida estatuto dos guardas municipais"},"content":{"rendered":"<p>O Supremo Tribunal Federal (STF) decidiu validar a lei que criou o Estatuto Geral das Guardas Municipais. A norma entrou em vigor em 2014 e foi sancionada pela ent\u00e3o presidente\u00a0Dilma Rousseff para estabelecer normas gerais para as guardas municipais de todo o pa\u00eds.<img decoding=\"async\" src=\"https:\/\/agenciabrasil.ebc.com.br\/ebc.png?id=1543220&amp;o=node\" \/><img decoding=\"async\" src=\"https:\/\/agenciabrasil.ebc.com.br\/ebc.gif?id=1543220&amp;o=node\" \/><\/p>\n<p>A lei foi questionada no Supremo pela Associa\u00e7\u00e3o Nacional dos Agentes de Tr\u00e2nsito no Brasil (AGTBrasil). Entre os pontos questionados, a associa\u00e7\u00e3o pediu a suspens\u00e3o do trecho que concedeu aos guardas a compet\u00eancia de fiscaliza\u00e7\u00e3o de tr\u00e2nsito.<\/p>\n<p>A unanimidade na vota\u00e7\u00e3o foi formada a partir do voto do relator, ministro Gilmar Mendes. Para o ministro, os guardas podem fazer a fiscaliza\u00e7\u00e3o de tr\u00e2nsito nos munic\u00edpios.<\/p>\n<p>&#8220;A Lei Federal 13.022\/2014, ao dispor sobre o Estatuto das Guardas Municipais, constitui norma geral, de compet\u00eancia da Uni\u00e3o, sendo leg\u00edtimo o exerc\u00edcio, pelas guardas municipais, do poder de pol\u00edcia de tr\u00e2nsito, se assim prever a legisla\u00e7\u00e3o municipal&#8217;, escreveu o ministro.<\/p>\n<p>O julgamento ocorreu no plen\u00e1rio virtual, modalidade na qual os ministros inserem os votos no sistema e n\u00e3o h\u00e1 delibera\u00e7\u00e3o presencial. O julgamento foi finalizado no dia 30 de junho, e o resultado foi divulgado hoje (11).<\/p>\n<p><span style=\"font-weight: 400;\">Fonte: Ag\u00eancia Brasil <\/span><\/p>\n","protected":false},"excerpt":{"rendered":"<p>O Supremo Tribunal Federal (STF) decidiu validar a lei que criou o Estatuto Geral das Guardas Municipais. A norma entrou em vigor em 2014 e foi sancionada pela ent\u00e3o presidente\u00a0Dilma Rousseff para estabelecer normas gerais para as guardas municipais de todo o pa\u00eds. A lei foi questionada no Supremo pela Associa\u00e7\u00e3o Nacional dos Agentes de [&hellip;]<\/p>\n","protected":false},"author":246,"featured_media":215951,"comment_status":"closed","ping_status":"closed","sticky":false,"template":"","format":"standard","meta":{"footnotes":""},"categories":[436,254,439],"tags":[],"class_list":["post-215950","post","type-post","status-publish","format-standard","has-post-thumbnail","hentry","category-destaque-da-semana","category-politica","category-ultima-hora"],"_links":{"self":[{"href":"https:\/\/diarioregionaldigital.com.br\/index.php?rest_route=\/wp\/v2\/posts\/215950","targetHints":{"allow":["GET"]}}],"collection":[{"href":"https:\/\/diarioregionaldigital.com.br\/index.php?rest_route=\/wp\/v2\/posts"}],"about":[{"href":"https:\/\/diarioregionaldigital.com.br\/index.php?rest_route=\/wp\/v2\/types\/post"}],"author":[{"embeddable":true,"href":"https:\/\/diarioregionaldigital.com.br\/index.php?rest_route=\/wp\/v2\/users\/246"}],"replies":[{"embeddable":true,"href":"https:\/\/diarioregionaldigital.com.br\/index.php?rest_route=%2Fwp%2Fv2%2Fcomments&post=215950"}],"version-history":[{"count":1,"href":"https:\/\/diarioregionaldigital.com.br\/index.php?rest_route=\/wp\/v2\/posts\/215950\/revisions"}],"predecessor-version":[{"id":215952,"href":"https:\/\/diarioregionaldigital.com.br\/index.php?rest_route=\/wp\/v2\/posts\/215950\/revisions\/215952"}],"wp:featuredmedia":[{"embeddable":true,"href":"https:\/\/diarioregionaldigital.com.br\/index.php?rest_route=\/wp\/v2\/media\/215951"}],"wp:attachment":[{"href":"https:\/\/diarioregionaldigital.com.br\/index.php?rest_route=%2Fwp%2Fv2%2Fmedia&parent=215950"}],"wp:term":[{"taxonomy":"category","embeddable":true,"href":"https:\/\/diarioregionaldigital.com.br\/index.php?rest_route=%2Fwp%2Fv2%2Fcategories&post=215950"},{"taxonomy":"post_tag","embeddable":true,"href":"https:\/\/diarioregionaldigital.com.br\/index.php?rest_route=%2Fwp%2Fv2%2Ftags&post=215950"}],"curies":[{"name":"wp","href":"https:\/\/api.w.org\/{rel}","templated":true}]}}