{"id":215947,"date":"2023-07-11T19:59:15","date_gmt":"2023-07-11T22:59:15","guid":{"rendered":"https:\/\/diarioregionaldigital.com.br\/?p=215947"},"modified":"2023-07-11T19:59:15","modified_gmt":"2023-07-11T22:59:15","slug":"pgr-pede-analise-do-estado-de-saude-de-roberto-jefferson","status":"publish","type":"post","link":"https:\/\/diarioregionaldigital.com.br\/?p=215947","title":{"rendered":"PGR pede an\u00e1lise do estado de sa\u00fade de Roberto Jefferson"},"content":{"rendered":"<p>A Procuradoria-Geral da Rep\u00fablica (PGR) defendeu, nesta ter\u00e7a-feira (11), no Supremo Tribunal Federal (STF) a avalia\u00e7\u00e3o do estado de sa\u00fade do ex-deputado federal Roberto Jefferson, preso no Complexo Penitenci\u00e1rio de Bangu, no Rio de Janeiro.<img decoding=\"async\" src=\"https:\/\/agenciabrasil.ebc.com.br\/ebc.png?id=1543225&amp;o=node\" \/><img decoding=\"async\" src=\"https:\/\/agenciabrasil.ebc.com.br\/ebc.gif?id=1543225&amp;o=node\" \/><\/p>\n<p>O parecer foi enviado ao ministro Alexandre de Moraes para subsidiar um pedido da defesa de Jefferson para revoga\u00e7\u00e3o da pris\u00e3o.<\/p>\n<p>No documento, a vice-procuradora-geral da Rep\u00fablica Lind\u00f4ra Ara\u00fajo, pede que o ex-deputado seja avaliado por uma junta m\u00e9dica oficial.<\/p>\n<p>Segundo os advogados, Roberto Jefferson precisa de tratamento m\u00e9dico adequado fora da pris\u00e3o. De acordo com os defensores, ele j\u00e1 perdeu cerca de 16kg.<\/p>\n<p>Jefferson est\u00e1 preso desde outubro do ano passado por oferecer resist\u00eancia armada ao cumprimento do mandado de pris\u00e3o decretado por Moraes.<\/p>\n<p>O mandado foi expedido depois que Jefferson publicou um v\u00eddeo na internet no qual ofendeu a ministra C\u00e1rmen L\u00facia com palavras de baixo cal\u00e3o.<\/p>\n<p>Na ocasi\u00e3o, o ex-deputado deu tiros de fuzil e lan\u00e7ou granadas contra os policiais que foram ao local. Em fun\u00e7\u00e3o do epis\u00f3dio, ele foi indiciado pela Pol\u00edcia Federal por quatro tentativas de homic\u00eddio e virou r\u00e9u.<\/p>\n<p><span style=\"font-weight: 400;\">Fonte: Ag\u00eancia Brasil <\/span><\/p>\n","protected":false},"excerpt":{"rendered":"<p>A Procuradoria-Geral da Rep\u00fablica (PGR) defendeu, nesta ter\u00e7a-feira (11), no Supremo Tribunal Federal (STF) a avalia\u00e7\u00e3o do estado de sa\u00fade do ex-deputado federal Roberto Jefferson, preso no Complexo Penitenci\u00e1rio de Bangu, no Rio de Janeiro. O parecer foi enviado ao ministro Alexandre de Moraes para subsidiar um pedido da defesa de Jefferson para revoga\u00e7\u00e3o da [&hellip;]<\/p>\n","protected":false},"author":246,"featured_media":215948,"comment_status":"closed","ping_status":"closed","sticky":false,"template":"","format":"standard","meta":{"footnotes":""},"categories":[436,254,439],"tags":[],"class_list":["post-215947","post","type-post","status-publish","format-standard","has-post-thumbnail","hentry","category-destaque-da-semana","category-politica","category-ultima-hora"],"_links":{"self":[{"href":"https:\/\/diarioregionaldigital.com.br\/index.php?rest_route=\/wp\/v2\/posts\/215947","targetHints":{"allow":["GET"]}}],"collection":[{"href":"https:\/\/diarioregionaldigital.com.br\/index.php?rest_route=\/wp\/v2\/posts"}],"about":[{"href":"https:\/\/diarioregionaldigital.com.br\/index.php?rest_route=\/wp\/v2\/types\/post"}],"author":[{"embeddable":true,"href":"https:\/\/diarioregionaldigital.com.br\/index.php?rest_route=\/wp\/v2\/users\/246"}],"replies":[{"embeddable":true,"href":"https:\/\/diarioregionaldigital.com.br\/index.php?rest_route=%2Fwp%2Fv2%2Fcomments&post=215947"}],"version-history":[{"count":1,"href":"https:\/\/diarioregionaldigital.com.br\/index.php?rest_route=\/wp\/v2\/posts\/215947\/revisions"}],"predecessor-version":[{"id":215949,"href":"https:\/\/diarioregionaldigital.com.br\/index.php?rest_route=\/wp\/v2\/posts\/215947\/revisions\/215949"}],"wp:featuredmedia":[{"embeddable":true,"href":"https:\/\/diarioregionaldigital.com.br\/index.php?rest_route=\/wp\/v2\/media\/215948"}],"wp:attachment":[{"href":"https:\/\/diarioregionaldigital.com.br\/index.php?rest_route=%2Fwp%2Fv2%2Fmedia&parent=215947"}],"wp:term":[{"taxonomy":"category","embeddable":true,"href":"https:\/\/diarioregionaldigital.com.br\/index.php?rest_route=%2Fwp%2Fv2%2Fcategories&post=215947"},{"taxonomy":"post_tag","embeddable":true,"href":"https:\/\/diarioregionaldigital.com.br\/index.php?rest_route=%2Fwp%2Fv2%2Ftags&post=215947"}],"curies":[{"name":"wp","href":"https:\/\/api.w.org\/{rel}","templated":true}]}}