{"id":215941,"date":"2023-07-11T19:46:25","date_gmt":"2023-07-11T22:46:25","guid":{"rendered":"https:\/\/diarioregionaldigital.com.br\/?p=215941"},"modified":"2023-07-11T19:46:25","modified_gmt":"2023-07-11T22:46:25","slug":"eduardo-braga-sera-o-relator-da-reforma-tributaria-no-senado","status":"publish","type":"post","link":"https:\/\/diarioregionaldigital.com.br\/?p=215941","title":{"rendered":"Eduardo Braga ser\u00e1 o relator da reforma tribut\u00e1ria no Senado"},"content":{"rendered":"<p>O senador Eduardo Braga (MDB-AM) ser\u00e1 o relator da reforma tribut\u00e1ria no Senado Federal. A informa\u00e7\u00e3o foi confirmada nesta ter\u00e7a-feira (11)\u00a0pelo presidente da Casa, Rodrigo Pacheco (PSD-MG), ap\u00f3s reunir-se com o ministro da Fazenda, Fernando Haddad, e com a ministra do Planejamento e Or\u00e7amento, Simone Tebet.<img decoding=\"async\" src=\"https:\/\/agenciabrasil.ebc.com.br\/ebc.png?id=1543187&amp;o=node\" \/><img decoding=\"async\" src=\"https:\/\/agenciabrasil.ebc.com.br\/ebc.gif?id=1543187&amp;o=node\" \/><\/p>\n<div class=\"dnd-widget-wrapper context-cheio_8colunas type-image\">\n<div class=\"dnd-atom-rendered\">\n<div class=\"shadow overflow-hidden rounded-lg d-block zoom-on-hover-sm shadow-hover w-100\"><img decoding=\"async\" class=\"flex-fill img-cover\" title=\"Valter Campanato\/Ag\u00eancia Brasil\" src=\"https:\/\/imagens.ebc.com.br\/Zc7EV7MClZNFmhLNs0MvdXM7As8=\/754x0\/smart\/https:\/\/agenciabrasil.ebc.com.br\/sites\/default\/files\/thumbnails\/image\/vac_abr1605232637.jpg?itok=uwPOHvCa\" alt=\"Bras\u00edlia (DF), 16-05-2023 \u2013 Entrevista coletiva do Senador Eduardo Braga, fala sobre a retomada do Minha Casa, Minha Vida. Foto Valter Campanato\/Ag\u00eancia Brasil.\" \/><\/div>\n<\/div>\n<div class=\"dnd-caption-wrapper\">\n<h6 class=\"meta\">Senador Eduardo Braga ser\u00e1 o relator da reforma tribut\u00e1ria\u00a0&#8211;\u00a0<strong>Valter Campanato\/Arquivo\/Ag\u00eancia Brasil<\/strong><\/h6>\n<\/div>\n<\/div>\n<p>Segundo Pacheco, n\u00e3o h\u00e1 raz\u00f5es para fatiar o texto da reforma a ser apreciada pelo Senado. Ele disse ter a expectativa de aprovar a mat\u00e9ria \u201cnos pr\u00f3ximos meses\u201d.<\/p>\n<p>Ao deixar a resid\u00eancia oficial do senador, Haddad manifestou confian\u00e7a na aprova\u00e7\u00e3o, ainda este ano, tanto da reforma tribut\u00e1ria quanto\u00a0do projeto de lei que restaura o voto de desempate no Conselho Administrativo de Recursos Fiscais (Carf).<\/p>\n<blockquote><p>\u201cEstamos confiantes de que vamos aprovar as mat\u00e9rias vindas da C\u00e2mara, com a independ\u00eancia que o Senado tem, no sentido de aperfei\u00e7oar os textos. Muito confiantes de que promulgaremos uma reforma tribut\u00e1ria, depois de tantas d\u00e9cadas, \u00e0 altura dos desafios que est\u00e3o colocados para o Brasil\u201d, disse Haddad.<\/p><\/blockquote>\n<div class=\"dnd-widget-wrapper context-cheio_8colunas type-image\">\n<div class=\"dnd-atom-rendered\">\n<div class=\"shadow overflow-hidden rounded-lg d-block zoom-on-hover-sm shadow-hover w-100\"><img decoding=\"async\" class=\"flex-fill img-cover\" title=\"Marcelo Camargo\/Ag\u00eancia Brasil\" src=\"https:\/\/imagens.ebc.com.br\/ocWjgJf42GPIBRcfbQZe1F6Ny_s=\/754x0\/smart\/https:\/\/agenciabrasil.ebc.com.br\/sites\/default\/files\/thumbnails\/image\/reuniao-reforma-tributaria_mcamgo_abr_11072023-8.jpg?itok=R-rPGM04\" alt=\"Bras\u00edlia (DF), 11\/07\/2023 - A ministra do Planejamento, Simone Tebet, o presidente do Senado, Rodrigo Pacheco, e o ministro da Fazenda, Fernando Haddad, durante coletiva ap\u00f3s reuni\u00e3o para tratar da tramita\u00e7\u00e3o da reforma tribut\u00e1ria no Senado. Foto: Marcelo Camargo\/Ag\u00eancia Brasil\" \/><\/div>\n<\/div>\n<div class=\"dnd-caption-wrapper\">\n<h6 class=\"meta\">Os ministros Simone Tebet e Fernando Haddad e o presidente do Senado, Rodrigo Pacheco, falam \u00e0 imprensa ap\u00f3s reuni\u00e3o para discutir a tramita\u00e7\u00e3o da PEC da Reforma Tribut\u00e1ria no Senado &#8211;\u00a0<strong>Marcelo Camargo\/Ag\u00eancia Brasil<\/strong><\/h6>\n<\/div>\n<\/div>\n<p>Com rela\u00e7\u00e3o ao projeto sobre o Carf, o ministro classificou o assunto como \u201cmat\u00e9ria sens\u00edvel\u201d. \u201cTivemos sinaliza\u00e7\u00e3o importante do presidente do Senado, e estamos confiantes de que ela seja apreciada ainda em agosto. Isso vai pavimentar o caminho para que a ministra Simone Tebet possa elaborar uma pe\u00e7a or\u00e7ament\u00e1ria, assumindo nela todos compromissos manifestados pelo presidente Lula\u201d, acrescentou.<\/p>\n<p>Haddad destacou como &#8220;compromissos mais importantes de Lula&#8221; a manuten\u00e7\u00e3o em um patamar m\u00ednimo de investimento; a recomposi\u00e7\u00e3o do piso constitucional da Sa\u00fade e da Educa\u00e7\u00e3o; e o resultado prim\u00e1rio almejado para o ano que vem.<\/p>\n<p><span style=\"font-weight: 400;\"><br \/>\n<\/span><span style=\"font-weight: 400;\">Fonte: Ag\u00eancia Brasil <\/span><\/p>\n","protected":false},"excerpt":{"rendered":"<p>O senador Eduardo Braga (MDB-AM) ser\u00e1 o relator da reforma tribut\u00e1ria no Senado Federal. A informa\u00e7\u00e3o foi confirmada nesta ter\u00e7a-feira (11)\u00a0pelo presidente da Casa, Rodrigo Pacheco (PSD-MG), ap\u00f3s reunir-se com o ministro da Fazenda, Fernando Haddad, e com a ministra do Planejamento e Or\u00e7amento, Simone Tebet. Senador Eduardo Braga ser\u00e1 o relator da reforma tribut\u00e1ria\u00a0&#8211;\u00a0Valter [&hellip;]<\/p>\n","protected":false},"author":246,"featured_media":215942,"comment_status":"closed","ping_status":"closed","sticky":false,"template":"","format":"standard","meta":{"footnotes":""},"categories":[436,254,439],"tags":[],"class_list":["post-215941","post","type-post","status-publish","format-standard","has-post-thumbnail","hentry","category-destaque-da-semana","category-politica","category-ultima-hora"],"_links":{"self":[{"href":"https:\/\/diarioregionaldigital.com.br\/index.php?rest_route=\/wp\/v2\/posts\/215941","targetHints":{"allow":["GET"]}}],"collection":[{"href":"https:\/\/diarioregionaldigital.com.br\/index.php?rest_route=\/wp\/v2\/posts"}],"about":[{"href":"https:\/\/diarioregionaldigital.com.br\/index.php?rest_route=\/wp\/v2\/types\/post"}],"author":[{"embeddable":true,"href":"https:\/\/diarioregionaldigital.com.br\/index.php?rest_route=\/wp\/v2\/users\/246"}],"replies":[{"embeddable":true,"href":"https:\/\/diarioregionaldigital.com.br\/index.php?rest_route=%2Fwp%2Fv2%2Fcomments&post=215941"}],"version-history":[{"count":1,"href":"https:\/\/diarioregionaldigital.com.br\/index.php?rest_route=\/wp\/v2\/posts\/215941\/revisions"}],"predecessor-version":[{"id":215943,"href":"https:\/\/diarioregionaldigital.com.br\/index.php?rest_route=\/wp\/v2\/posts\/215941\/revisions\/215943"}],"wp:featuredmedia":[{"embeddable":true,"href":"https:\/\/diarioregionaldigital.com.br\/index.php?rest_route=\/wp\/v2\/media\/215942"}],"wp:attachment":[{"href":"https:\/\/diarioregionaldigital.com.br\/index.php?rest_route=%2Fwp%2Fv2%2Fmedia&parent=215941"}],"wp:term":[{"taxonomy":"category","embeddable":true,"href":"https:\/\/diarioregionaldigital.com.br\/index.php?rest_route=%2Fwp%2Fv2%2Fcategories&post=215941"},{"taxonomy":"post_tag","embeddable":true,"href":"https:\/\/diarioregionaldigital.com.br\/index.php?rest_route=%2Fwp%2Fv2%2Ftags&post=215941"}],"curies":[{"name":"wp","href":"https:\/\/api.w.org\/{rel}","templated":true}]}}