{"id":215938,"date":"2023-07-11T19:45:09","date_gmt":"2023-07-11T22:45:09","guid":{"rendered":"https:\/\/diarioregionaldigital.com.br\/?p=215938"},"modified":"2023-07-11T19:45:09","modified_gmt":"2023-07-11T22:45:09","slug":"noruega-quer-ampliar-parcerias-na-agenda-climatica-e-no-combate-a-fome","status":"publish","type":"post","link":"https:\/\/diarioregionaldigital.com.br\/?p=215938","title":{"rendered":"Noruega quer ampliar parcerias na agenda clim\u00e1tica e no combate \u00e0 fome"},"content":{"rendered":"<p>O primeiro-ministro da Noruega, Jonas Gahr St\u00f8re, disse ao presidente Luiz In\u00e1cio Lula da Silva que seu pa\u00eds quer ampliar as parcerias com o Brasil em \u00e1reas voltadas \u00e0 agenda clim\u00e1tica e ao combate \u00e0 fome. Os dois governantes conversaram nesta ter\u00e7a-feira (11) por telefone.<img decoding=\"async\" src=\"https:\/\/agenciabrasil.ebc.com.br\/ebc.png?id=1543211&amp;o=node\" \/><img decoding=\"async\" src=\"https:\/\/agenciabrasil.ebc.com.br\/ebc.gif?id=1543211&amp;o=node\" \/><\/p>\n<p>Por meio de sua conta no Twitter, o presidente brasileiro informou que os dois chefes de governo falaram sobre a necessidade de coopera\u00e7\u00e3o global, bem como sobre medidas visando a defesa do meio ambiente.<\/p>\n<p>De acordo com o Planalto, durante a conversa Lula agradeceu ao primeiro-ministro pelas contribui\u00e7\u00f5es de seu pa\u00eds ao Fundo Amaz\u00f4nia e o convidou para uma visita ao Brasil. Lula falou sobre a C\u00fapula da Amaz\u00f4nia, em agosto, encontro que reunir\u00e1 autoridades dos oito pa\u00edses da regi\u00e3o, e com convites estendidos tamb\u00e9m \u00e0 Indon\u00e9sia, aos dois Congos e \u00e0 Fran\u00e7a.<\/p>\n<p>Em nota, o Planalto informou que St\u00f8re \u201cexpressou interesse em colaborar mais com o Brasil em temas como seguran\u00e7a alimentar e combate \u00e0 fome e o manejo dos oceanos, al\u00e9m da tradicional agenda clim\u00e1tica\u201d.<\/p>\n<p>Lula disse que o Brasil pretende estruturar um projeto de desenvolvimento a partir da biodiversidade amaz\u00f4nica, \u201cdando oportunidade de melhoria de vida aos povos que l\u00e1 habitam\u201d, e que a abertura de oportunidades de investimentos em energias renov\u00e1veis \u201crefor\u00e7ar\u00e1 a limpeza da matriz energ\u00e9tica brasileira\u201d, al\u00e9m de preparar o caminho para \u201cpropostas concretas a serem apresentadas na COP 30, em Bel\u00e9m\u201d.<\/p>\n<p><span style=\"font-weight: 400;\">Fonte: Ag\u00eancia Brasil <\/span><\/p>\n","protected":false},"excerpt":{"rendered":"<p>O primeiro-ministro da Noruega, Jonas Gahr St\u00f8re, disse ao presidente Luiz In\u00e1cio Lula da Silva que seu pa\u00eds quer ampliar as parcerias com o Brasil em \u00e1reas voltadas \u00e0 agenda clim\u00e1tica e ao combate \u00e0 fome. Os dois governantes conversaram nesta ter\u00e7a-feira (11) por telefone. Por meio de sua conta no Twitter, o presidente brasileiro [&hellip;]<\/p>\n","protected":false},"author":246,"featured_media":215939,"comment_status":"closed","ping_status":"closed","sticky":false,"template":"","format":"standard","meta":{"footnotes":""},"categories":[436,254,439],"tags":[],"class_list":["post-215938","post","type-post","status-publish","format-standard","has-post-thumbnail","hentry","category-destaque-da-semana","category-politica","category-ultima-hora"],"_links":{"self":[{"href":"https:\/\/diarioregionaldigital.com.br\/index.php?rest_route=\/wp\/v2\/posts\/215938","targetHints":{"allow":["GET"]}}],"collection":[{"href":"https:\/\/diarioregionaldigital.com.br\/index.php?rest_route=\/wp\/v2\/posts"}],"about":[{"href":"https:\/\/diarioregionaldigital.com.br\/index.php?rest_route=\/wp\/v2\/types\/post"}],"author":[{"embeddable":true,"href":"https:\/\/diarioregionaldigital.com.br\/index.php?rest_route=\/wp\/v2\/users\/246"}],"replies":[{"embeddable":true,"href":"https:\/\/diarioregionaldigital.com.br\/index.php?rest_route=%2Fwp%2Fv2%2Fcomments&post=215938"}],"version-history":[{"count":1,"href":"https:\/\/diarioregionaldigital.com.br\/index.php?rest_route=\/wp\/v2\/posts\/215938\/revisions"}],"predecessor-version":[{"id":215940,"href":"https:\/\/diarioregionaldigital.com.br\/index.php?rest_route=\/wp\/v2\/posts\/215938\/revisions\/215940"}],"wp:featuredmedia":[{"embeddable":true,"href":"https:\/\/diarioregionaldigital.com.br\/index.php?rest_route=\/wp\/v2\/media\/215939"}],"wp:attachment":[{"href":"https:\/\/diarioregionaldigital.com.br\/index.php?rest_route=%2Fwp%2Fv2%2Fmedia&parent=215938"}],"wp:term":[{"taxonomy":"category","embeddable":true,"href":"https:\/\/diarioregionaldigital.com.br\/index.php?rest_route=%2Fwp%2Fv2%2Fcategories&post=215938"},{"taxonomy":"post_tag","embeddable":true,"href":"https:\/\/diarioregionaldigital.com.br\/index.php?rest_route=%2Fwp%2Fv2%2Ftags&post=215938"}],"curies":[{"name":"wp","href":"https:\/\/api.w.org\/{rel}","templated":true}]}}