{"id":215918,"date":"2023-07-11T04:25:56","date_gmt":"2023-07-11T07:25:56","guid":{"rendered":"https:\/\/diarioregionaldigital.com.br\/?p=215918"},"modified":"2023-07-11T04:25:56","modified_gmt":"2023-07-11T07:25:56","slug":"convocacao-assembleia-geral-11-07-2023","status":"publish","type":"post","link":"https:\/\/diarioregionaldigital.com.br\/?p=215918","title":{"rendered":"Convoca\u00e7\u00e3o Assembl\u00e9ia Geral &#8211; 11\/07\/2023"},"content":{"rendered":"<p style=\"text-align: center;\"><strong>EDITAL DE CONVOCA\u00c7\u00c3O ASSEMBL\u00c9IA GERAL<\/strong><\/p>\n<p style=\"text-align: center;\">O Sindicato dos Trabalhadores nas Ind\u00fastrias Metal\u00fargicas, Mec\u00e2nicas, Material El\u00e9trico, Siderurgia e Fundi\u00e7\u00e3o, Montadora de ve\u00edculos, Auto Pe\u00e7as, Repara\u00e7\u00e3o de Ve\u00edculos e Acess\u00f3rios de Juiz de Fora, Matias Barbosa, Rio Novo, Rio Pomba, Santos Dumont, S\u00e3o Jo\u00e3o Nepomuceno, Bicas e Ewbanck da C\u00e2mara \u2013 MG, na forma do artigo 8\u00ba da CF\/88, atrav\u00e9s do presente edital, convoca todos os Trabalhadores nas empresas de sua base territorial, associados ou n\u00e3o ao Sindicato, para Assembleia Geral Extraordin\u00e1ria da CAMPANHA SALARIAL 2023\/2024, que ser\u00e1 realizada nos dias 13, 14, 15 e 19 de julho de 2022, iniciando na sede do Sindicato, situada a rua Floriano Peixoto, n.\u00ba 72 \u2013 Centro \u2013 Juiz de Fora\/MG, \u00e0s 18:00 horas, em primeira convoca\u00e7\u00e3o, e, \u00e0s 18:30 horas, em segunda convoca\u00e7\u00e3o, tudo conforme determina o estatuto social do sindicato; nos dias 11 e 12 de julho\/2022 ser\u00e3o realizadas assembleias, na sub sede do sindicato em Santos Dumont, rua Orestes Neri, 98 \u2013 Para\u00edso das Flores, Santos Dumont \u2013 MG, 36240-000, as 08:00 horas e as 17:00 horas, de forma a permitir a participa\u00e7\u00e3o de todos os interessados, para discutir e deliberar sobre a seguinte ordem do dia: 1- Discuss\u00e3o e Aprova\u00e7\u00e3o da Pauta de Reivindica\u00e7\u00f5es referente \u00e0 Data Base de 2023\/2024, a ser apresentada ao Sindicato da Categoria Econ\u00f4mica correspondente; 2- Autoriza\u00e7\u00e3o para Diretoria Executiva celebrar Conven\u00e7\u00e3o Coletiva de Trabalho e Acordo Coletivo de Trabalho, e, frustrada a negocia\u00e7\u00e3o, eleger \u00e1rbitro e\/ou suscitar Diss\u00eddio Coletivo perante o Poder Judici\u00e1rio; 3- Delibera\u00e7\u00e3o sobre Greve, inclusive, o pagamento dos dias parados; 4- Delibera\u00e7\u00e3o sobre o custeio da negocia\u00e7\u00e3o coletiva e percentual da contribui\u00e7\u00e3o a ser fixada pela Assembleia e descontada de todos os membros da categoria que n\u00e3o se oponham ao referido desconto, autorizando-o; 5- Delibera\u00e7\u00f5es sobre a instala\u00e7\u00e3o em car\u00e1ter permanente da presente Assembleia; 6- Delibera\u00e7\u00f5es Consequentes.<\/p>\n<p style=\"text-align: center;\"><strong>Juiz de Fora, 07 de julho de 2022.<\/strong><\/p>\n<p style=\"text-align: center;\"><strong>JO\u00c3O CESAR DA SILVA PRESIDENTE DO STIM-JF E REGI\u00c3O<\/strong><\/p>\n","protected":false},"excerpt":{"rendered":"<p>EDITAL DE CONVOCA\u00c7\u00c3O ASSEMBL\u00c9IA GERAL O Sindicato dos Trabalhadores nas Ind\u00fastrias Metal\u00fargicas, Mec\u00e2nicas, Material El\u00e9trico, Siderurgia e Fundi\u00e7\u00e3o, Montadora de ve\u00edculos, Auto Pe\u00e7as, Repara\u00e7\u00e3o de Ve\u00edculos e Acess\u00f3rios de Juiz de Fora, Matias Barbosa, Rio Novo, Rio Pomba, Santos Dumont, S\u00e3o Jo\u00e3o Nepomuceno, Bicas e Ewbanck da C\u00e2mara \u2013 MG, na forma do artigo 8\u00ba [&hellip;]<\/p>\n","protected":false},"author":96,"featured_media":0,"comment_status":"closed","ping_status":"closed","sticky":false,"template":"","format":"standard","meta":{"footnotes":""},"categories":[307],"tags":[],"class_list":["post-215918","post","type-post","status-publish","format-standard","hentry","category-editais"],"_links":{"self":[{"href":"https:\/\/diarioregionaldigital.com.br\/index.php?rest_route=\/wp\/v2\/posts\/215918","targetHints":{"allow":["GET"]}}],"collection":[{"href":"https:\/\/diarioregionaldigital.com.br\/index.php?rest_route=\/wp\/v2\/posts"}],"about":[{"href":"https:\/\/diarioregionaldigital.com.br\/index.php?rest_route=\/wp\/v2\/types\/post"}],"author":[{"embeddable":true,"href":"https:\/\/diarioregionaldigital.com.br\/index.php?rest_route=\/wp\/v2\/users\/96"}],"replies":[{"embeddable":true,"href":"https:\/\/diarioregionaldigital.com.br\/index.php?rest_route=%2Fwp%2Fv2%2Fcomments&post=215918"}],"version-history":[{"count":1,"href":"https:\/\/diarioregionaldigital.com.br\/index.php?rest_route=\/wp\/v2\/posts\/215918\/revisions"}],"predecessor-version":[{"id":215919,"href":"https:\/\/diarioregionaldigital.com.br\/index.php?rest_route=\/wp\/v2\/posts\/215918\/revisions\/215919"}],"wp:attachment":[{"href":"https:\/\/diarioregionaldigital.com.br\/index.php?rest_route=%2Fwp%2Fv2%2Fmedia&parent=215918"}],"wp:term":[{"taxonomy":"category","embeddable":true,"href":"https:\/\/diarioregionaldigital.com.br\/index.php?rest_route=%2Fwp%2Fv2%2Fcategories&post=215918"},{"taxonomy":"post_tag","embeddable":true,"href":"https:\/\/diarioregionaldigital.com.br\/index.php?rest_route=%2Fwp%2Fv2%2Ftags&post=215918"}],"curies":[{"name":"wp","href":"https:\/\/api.w.org\/{rel}","templated":true}]}}