{"id":215916,"date":"2023-07-11T04:24:51","date_gmt":"2023-07-11T07:24:51","guid":{"rendered":"https:\/\/diarioregionaldigital.com.br\/?p=215916"},"modified":"2023-07-11T04:24:51","modified_gmt":"2023-07-11T07:24:51","slug":"prefeitura-municipal-de-descoberto-contrato-no53-11-07-2023","status":"publish","type":"post","link":"https:\/\/diarioregionaldigital.com.br\/?p=215916","title":{"rendered":"Prefeitura Municipal de Descoberto &#8211; Contrato N\u00ba53 &#8211; 11\/07\/2023"},"content":{"rendered":"<p style=\"text-align: center;\"><strong>EXTRATO DE CONTRATO<\/strong><\/p>\n<p style=\"text-align: center;\">Pref. Municipal de Descoberto x Geraldo Silva Filho &amp;\u00a0 Cia Ltda \u00a0\u2013 Aquisi\u00e7\u00e3o de g\u00eaneros aliment\u00edcios par atendimento das demanda do pr\u00f3-jovem \u00a0Prefeitura \u2013 \u00a0Fundamento: Preg\u00e3o n\u00ba 020\/2023 &#8211; Valor Global: R$ 28.013,35 &#8211; Vig\u00eancia: 09 meses &#8211;\u00a0 Dot or\u00e7: \u00a002.02008.08.244.0012.237-339030\/129- \u00a0\u00a0Ass: 11\/072023 &#8211; Foro: S\u00e3o Jo\u00e3o Nepomuceno\/MG.<\/p>\n<p style=\"text-align: center;\"><strong>Marcos de Ara\u00fajo Lima<\/strong><\/p>\n<p style=\"text-align: center;\"><strong>Prefeito Municipal<\/strong><\/p>\n","protected":false},"excerpt":{"rendered":"<p>EXTRATO DE CONTRATO Pref. Municipal de Descoberto x Geraldo Silva Filho &amp;\u00a0 Cia Ltda \u00a0\u2013 Aquisi\u00e7\u00e3o de g\u00eaneros aliment\u00edcios par atendimento das demanda do pr\u00f3-jovem \u00a0Prefeitura \u2013 \u00a0Fundamento: Preg\u00e3o n\u00ba 020\/2023 &#8211; Valor Global: R$ 28.013,35 &#8211; Vig\u00eancia: 09 meses &#8211;\u00a0 Dot or\u00e7: \u00a002.02008.08.244.0012.237-339030\/129- \u00a0\u00a0Ass: 11\/072023 &#8211; Foro: S\u00e3o Jo\u00e3o Nepomuceno\/MG. Marcos de Ara\u00fajo Lima [&hellip;]<\/p>\n","protected":false},"author":96,"featured_media":0,"comment_status":"closed","ping_status":"closed","sticky":false,"template":"","format":"standard","meta":{"footnotes":""},"categories":[307],"tags":[],"class_list":["post-215916","post","type-post","status-publish","format-standard","hentry","category-editais"],"_links":{"self":[{"href":"https:\/\/diarioregionaldigital.com.br\/index.php?rest_route=\/wp\/v2\/posts\/215916","targetHints":{"allow":["GET"]}}],"collection":[{"href":"https:\/\/diarioregionaldigital.com.br\/index.php?rest_route=\/wp\/v2\/posts"}],"about":[{"href":"https:\/\/diarioregionaldigital.com.br\/index.php?rest_route=\/wp\/v2\/types\/post"}],"author":[{"embeddable":true,"href":"https:\/\/diarioregionaldigital.com.br\/index.php?rest_route=\/wp\/v2\/users\/96"}],"replies":[{"embeddable":true,"href":"https:\/\/diarioregionaldigital.com.br\/index.php?rest_route=%2Fwp%2Fv2%2Fcomments&post=215916"}],"version-history":[{"count":1,"href":"https:\/\/diarioregionaldigital.com.br\/index.php?rest_route=\/wp\/v2\/posts\/215916\/revisions"}],"predecessor-version":[{"id":215917,"href":"https:\/\/diarioregionaldigital.com.br\/index.php?rest_route=\/wp\/v2\/posts\/215916\/revisions\/215917"}],"wp:attachment":[{"href":"https:\/\/diarioregionaldigital.com.br\/index.php?rest_route=%2Fwp%2Fv2%2Fmedia&parent=215916"}],"wp:term":[{"taxonomy":"category","embeddable":true,"href":"https:\/\/diarioregionaldigital.com.br\/index.php?rest_route=%2Fwp%2Fv2%2Fcategories&post=215916"},{"taxonomy":"post_tag","embeddable":true,"href":"https:\/\/diarioregionaldigital.com.br\/index.php?rest_route=%2Fwp%2Fv2%2Ftags&post=215916"}],"curies":[{"name":"wp","href":"https:\/\/api.w.org\/{rel}","templated":true}]}}