{"id":215914,"date":"2023-07-11T04:23:49","date_gmt":"2023-07-11T07:23:49","guid":{"rendered":"https:\/\/diarioregionaldigital.com.br\/?p=215914"},"modified":"2023-07-11T04:26:40","modified_gmt":"2023-07-11T07:26:40","slug":"prefeitura-municipal-de-descoberto-controle-no45-11-07-2023","status":"publish","type":"post","link":"https:\/\/diarioregionaldigital.com.br\/?p=215914","title":{"rendered":"Prefeitura Municipal de Descoberto &#8211; Contrato N\u00ba45 &#8211; 11\/07\/2023"},"content":{"rendered":"<p style=\"text-align: center;\"><strong>EXTRATO DE PRIMEIRO TERMO ADITIVO DE CONTRATO<\/strong><\/p>\n<p style=\"text-align: center;\">1\u00ba Termo Aditivo. Pref. Municipal de Descoberto x RF MEDICINA\u00a0 LTDA \u2013 Presta\u00e7\u00e3o de Servi\u00e7os de consultas especializadas em Endocrinologia \u00a0\u2013 Fundamento: Inexigibilidade n\u00ba 003\/2022 \u2013 Credenciamento 001\/2022 \u00a0&#8211;\u00a0 Valor Global: 24.000,00- \u00a0Vig\u00eancia: 12 meses &#8211;\u00a0 Dot or\u00e7: 02.02005.10.301.0004.284-339039\/100- \u00a0Ass: 29\/06\/2023 &#8211; Foro: S\u00e3o Jo\u00e3o Nepomuceno\/MG.<\/p>\n<p style=\"text-align: center;\"><strong>Marcos de Ara\u00fajo Lima<\/strong><\/p>\n<p style=\"text-align: center;\"><strong>Prefeito Municipal<\/strong><\/p>\n","protected":false},"excerpt":{"rendered":"<p>EXTRATO DE PRIMEIRO TERMO ADITIVO DE CONTRATO 1\u00ba Termo Aditivo. Pref. Municipal de Descoberto x RF MEDICINA\u00a0 LTDA \u2013 Presta\u00e7\u00e3o de Servi\u00e7os de consultas especializadas em Endocrinologia \u00a0\u2013 Fundamento: Inexigibilidade n\u00ba 003\/2022 \u2013 Credenciamento 001\/2022 \u00a0&#8211;\u00a0 Valor Global: 24.000,00- \u00a0Vig\u00eancia: 12 meses &#8211;\u00a0 Dot or\u00e7: 02.02005.10.301.0004.284-339039\/100- \u00a0Ass: 29\/06\/2023 &#8211; Foro: S\u00e3o Jo\u00e3o Nepomuceno\/MG. Marcos de [&hellip;]<\/p>\n","protected":false},"author":96,"featured_media":0,"comment_status":"closed","ping_status":"closed","sticky":false,"template":"","format":"standard","meta":{"footnotes":""},"categories":[307],"tags":[],"class_list":["post-215914","post","type-post","status-publish","format-standard","hentry","category-editais"],"_links":{"self":[{"href":"https:\/\/diarioregionaldigital.com.br\/index.php?rest_route=\/wp\/v2\/posts\/215914","targetHints":{"allow":["GET"]}}],"collection":[{"href":"https:\/\/diarioregionaldigital.com.br\/index.php?rest_route=\/wp\/v2\/posts"}],"about":[{"href":"https:\/\/diarioregionaldigital.com.br\/index.php?rest_route=\/wp\/v2\/types\/post"}],"author":[{"embeddable":true,"href":"https:\/\/diarioregionaldigital.com.br\/index.php?rest_route=\/wp\/v2\/users\/96"}],"replies":[{"embeddable":true,"href":"https:\/\/diarioregionaldigital.com.br\/index.php?rest_route=%2Fwp%2Fv2%2Fcomments&post=215914"}],"version-history":[{"count":2,"href":"https:\/\/diarioregionaldigital.com.br\/index.php?rest_route=\/wp\/v2\/posts\/215914\/revisions"}],"predecessor-version":[{"id":215920,"href":"https:\/\/diarioregionaldigital.com.br\/index.php?rest_route=\/wp\/v2\/posts\/215914\/revisions\/215920"}],"wp:attachment":[{"href":"https:\/\/diarioregionaldigital.com.br\/index.php?rest_route=%2Fwp%2Fv2%2Fmedia&parent=215914"}],"wp:term":[{"taxonomy":"category","embeddable":true,"href":"https:\/\/diarioregionaldigital.com.br\/index.php?rest_route=%2Fwp%2Fv2%2Fcategories&post=215914"},{"taxonomy":"post_tag","embeddable":true,"href":"https:\/\/diarioregionaldigital.com.br\/index.php?rest_route=%2Fwp%2Fv2%2Ftags&post=215914"}],"curies":[{"name":"wp","href":"https:\/\/api.w.org\/{rel}","templated":true}]}}