{"id":215910,"date":"2023-07-11T04:21:24","date_gmt":"2023-07-11T07:21:24","guid":{"rendered":"https:\/\/diarioregionaldigital.com.br\/?p=215910"},"modified":"2023-07-11T04:21:24","modified_gmt":"2023-07-11T07:21:24","slug":"prefeitura-municipal-de-descoberto-contrato-no43-11-07-2023","status":"publish","type":"post","link":"https:\/\/diarioregionaldigital.com.br\/?p=215910","title":{"rendered":"Prefeitura Municipal de Descoberto &#8211; Contrato n\u00ba43 &#8211; 11\/07\/2023"},"content":{"rendered":"<p style=\"text-align: center;\"><strong>EXTRATO DE PRIMEIRO TERMO ADITIVO DE \u00a0CONTRATO<\/strong><\/p>\n<p style=\"text-align: center;\">1\u00ba Termo Aditivo. Pref. Municipal de Descoberto x\u00a0 M &amp; R Servi\u00e7os M\u00e9dicos Ltda \u2013 Presta\u00e7\u00e3o de Servi\u00e7os de m\u00e9dico plantonista \u00a0\u2013 Fundamento: Inexigibilidade n\u00ba 003\/2022 \u2013 Credenciamento 001\/2022 \u00a0&#8211;\u00a0 Valor Global: 48.384,00- \u00a0Vig\u00eancia: 12 meses &#8211;\u00a0 Dot or\u00e7: 02.02005.10.301.0004.284-339039\/100- \u00a0Ass: 29\/06\/2023 &#8211; Foro: S\u00e3o Jo\u00e3o Nepomuceno\/MG<\/p>\n<p style=\"text-align: center;\"><strong>Marcos de Ara\u00fajo Lima<\/strong><\/p>\n<p style=\"text-align: center;\"><strong>Prefeito Municipal<\/strong><\/p>\n","protected":false},"excerpt":{"rendered":"<p>EXTRATO DE PRIMEIRO TERMO ADITIVO DE \u00a0CONTRATO 1\u00ba Termo Aditivo. Pref. Municipal de Descoberto x\u00a0 M &amp; R Servi\u00e7os M\u00e9dicos Ltda \u2013 Presta\u00e7\u00e3o de Servi\u00e7os de m\u00e9dico plantonista \u00a0\u2013 Fundamento: Inexigibilidade n\u00ba 003\/2022 \u2013 Credenciamento 001\/2022 \u00a0&#8211;\u00a0 Valor Global: 48.384,00- \u00a0Vig\u00eancia: 12 meses &#8211;\u00a0 Dot or\u00e7: 02.02005.10.301.0004.284-339039\/100- \u00a0Ass: 29\/06\/2023 &#8211; Foro: S\u00e3o Jo\u00e3o Nepomuceno\/MG Marcos [&hellip;]<\/p>\n","protected":false},"author":96,"featured_media":0,"comment_status":"closed","ping_status":"closed","sticky":false,"template":"","format":"standard","meta":{"footnotes":""},"categories":[307],"tags":[],"class_list":["post-215910","post","type-post","status-publish","format-standard","hentry","category-editais"],"_links":{"self":[{"href":"https:\/\/diarioregionaldigital.com.br\/index.php?rest_route=\/wp\/v2\/posts\/215910","targetHints":{"allow":["GET"]}}],"collection":[{"href":"https:\/\/diarioregionaldigital.com.br\/index.php?rest_route=\/wp\/v2\/posts"}],"about":[{"href":"https:\/\/diarioregionaldigital.com.br\/index.php?rest_route=\/wp\/v2\/types\/post"}],"author":[{"embeddable":true,"href":"https:\/\/diarioregionaldigital.com.br\/index.php?rest_route=\/wp\/v2\/users\/96"}],"replies":[{"embeddable":true,"href":"https:\/\/diarioregionaldigital.com.br\/index.php?rest_route=%2Fwp%2Fv2%2Fcomments&post=215910"}],"version-history":[{"count":1,"href":"https:\/\/diarioregionaldigital.com.br\/index.php?rest_route=\/wp\/v2\/posts\/215910\/revisions"}],"predecessor-version":[{"id":215911,"href":"https:\/\/diarioregionaldigital.com.br\/index.php?rest_route=\/wp\/v2\/posts\/215910\/revisions\/215911"}],"wp:attachment":[{"href":"https:\/\/diarioregionaldigital.com.br\/index.php?rest_route=%2Fwp%2Fv2%2Fmedia&parent=215910"}],"wp:term":[{"taxonomy":"category","embeddable":true,"href":"https:\/\/diarioregionaldigital.com.br\/index.php?rest_route=%2Fwp%2Fv2%2Fcategories&post=215910"},{"taxonomy":"post_tag","embeddable":true,"href":"https:\/\/diarioregionaldigital.com.br\/index.php?rest_route=%2Fwp%2Fv2%2Ftags&post=215910"}],"curies":[{"name":"wp","href":"https:\/\/api.w.org\/{rel}","templated":true}]}}