{"id":215898,"date":"2023-07-11T00:30:05","date_gmt":"2023-07-11T03:30:05","guid":{"rendered":"https:\/\/diarioregionaldigital.com.br\/?p=215898"},"modified":"2023-07-11T00:30:05","modified_gmt":"2023-07-11T03:30:05","slug":"operacao-da-cemig-gera-interdicao-de-transito-nos-bairros-bom-pastor-e-poco-rico-nesta-segunda-10","status":"publish","type":"post","link":"https:\/\/diarioregionaldigital.com.br\/?p=215898","title":{"rendered":"Opera\u00e7\u00e3o da Cemig gera interdi\u00e7\u00e3o de tr\u00e2nsito nos bairros Bom Pastor e Po\u00e7o Rico nesta segunda, 10"},"content":{"rendered":"<p>Segundo informa\u00e7\u00f5es do site da Prefeitura de Juiz de Fora (PJF), o<span style=\"color: #333333; font-size: 16px;\">s agentes de transporte e tr\u00e2nsito da Secretaria de Mobilidade Urbana (SMU) montaram um esquema especial de tr\u00e2nsito para uma opera\u00e7\u00e3o da Cemig de transporte e troca de uma subesta\u00e7\u00e3o m\u00f3vel no bairro Garu\u00e1 nesta segunda-feira, 10. A partir de 21h, a carreta com o equipamento vai se deslocar da Avenida Brasil, ao lado do Sport Club Juiz de Fora, para a Rua Pinto de Moura e em seguida passar pela Rua Os\u00f3rio Almeida. A carreta vai subir pela contram\u00e3o nas Rua Sinval Correa e Rua Carlos Palmer at\u00e9 atingir a rotat\u00f3ria com a Rua Jo\u00e3o Martins. Todo este trecho ser\u00e1 interditado pelos agentes de tr\u00e2nsito at\u00e9 a passagem completa da carreta, que se desloca lentamente.<\/span><\/p>\n<div id=\"box_texto_noticia\">\n<div>\nEm seguida, ser\u00e3o acessadas as ruas Professor Vicente Mazini, Osmar Silva, Anhanguera e Boror\u00f3, chegando ao destino final. O retorno com a outra subesta\u00e7\u00e3o m\u00f3vel que ser\u00e1 trocada seguir\u00e1 a mesma rota no sentido contr\u00e1rio. Durante todo o trajeto da carreta poder\u00e1 ocorrer interdi\u00e7\u00f5es pontuais do tr\u00e2nsito totais ou parciais. N\u00e3o h\u00e1 previs\u00e3o exata do t\u00e9rmino da opera\u00e7\u00e3o.<\/div>\n<p>Confira o trajeto no anexo<\/p><\/div>\n<p>&nbsp;<\/p>\n<div class=\"texto_anexo\"><img loading=\"lazy\" decoding=\"async\" src=\"https:\/\/www.pjf.mg.gov.br\/imagens\/clips.jpg\" width=\"22\" height=\"20\" \/>\u00a0<a href=\"https:\/\/www.pjf.mg.gov.br\/noticias\/anexo\/cemig_compressed.pdf\" target=\"_blank\" rel=\"noopener\">Veja o anexo<\/a><\/div>\n","protected":false},"excerpt":{"rendered":"<p>Segundo informa\u00e7\u00f5es do site da Prefeitura de Juiz de Fora (PJF), os agentes de transporte e tr\u00e2nsito da Secretaria de Mobilidade Urbana (SMU) montaram um esquema especial de tr\u00e2nsito para uma opera\u00e7\u00e3o da Cemig de transporte e troca de uma subesta\u00e7\u00e3o m\u00f3vel no bairro Garu\u00e1 nesta segunda-feira, 10. A partir de 21h, a carreta com [&hellip;]<\/p>\n","protected":false},"author":246,"featured_media":215899,"comment_status":"closed","ping_status":"closed","sticky":false,"template":"","format":"standard","meta":{"footnotes":""},"categories":[253,436,439],"tags":[],"class_list":["post-215898","post","type-post","status-publish","format-standard","has-post-thumbnail","hentry","category-cidade","category-destaque-da-semana","category-ultima-hora"],"_links":{"self":[{"href":"https:\/\/diarioregionaldigital.com.br\/index.php?rest_route=\/wp\/v2\/posts\/215898","targetHints":{"allow":["GET"]}}],"collection":[{"href":"https:\/\/diarioregionaldigital.com.br\/index.php?rest_route=\/wp\/v2\/posts"}],"about":[{"href":"https:\/\/diarioregionaldigital.com.br\/index.php?rest_route=\/wp\/v2\/types\/post"}],"author":[{"embeddable":true,"href":"https:\/\/diarioregionaldigital.com.br\/index.php?rest_route=\/wp\/v2\/users\/246"}],"replies":[{"embeddable":true,"href":"https:\/\/diarioregionaldigital.com.br\/index.php?rest_route=%2Fwp%2Fv2%2Fcomments&post=215898"}],"version-history":[{"count":1,"href":"https:\/\/diarioregionaldigital.com.br\/index.php?rest_route=\/wp\/v2\/posts\/215898\/revisions"}],"predecessor-version":[{"id":215900,"href":"https:\/\/diarioregionaldigital.com.br\/index.php?rest_route=\/wp\/v2\/posts\/215898\/revisions\/215900"}],"wp:featuredmedia":[{"embeddable":true,"href":"https:\/\/diarioregionaldigital.com.br\/index.php?rest_route=\/wp\/v2\/media\/215899"}],"wp:attachment":[{"href":"https:\/\/diarioregionaldigital.com.br\/index.php?rest_route=%2Fwp%2Fv2%2Fmedia&parent=215898"}],"wp:term":[{"taxonomy":"category","embeddable":true,"href":"https:\/\/diarioregionaldigital.com.br\/index.php?rest_route=%2Fwp%2Fv2%2Fcategories&post=215898"},{"taxonomy":"post_tag","embeddable":true,"href":"https:\/\/diarioregionaldigital.com.br\/index.php?rest_route=%2Fwp%2Fv2%2Ftags&post=215898"}],"curies":[{"name":"wp","href":"https:\/\/api.w.org\/{rel}","templated":true}]}}