{"id":215895,"date":"2023-07-11T00:28:24","date_gmt":"2023-07-11T03:28:24","guid":{"rendered":"https:\/\/diarioregionaldigital.com.br\/?p=215895"},"modified":"2023-07-11T00:28:24","modified_gmt":"2023-07-11T03:28:24","slug":"ginasio-municipal-recebe-jogos-de-inauguracao-nos-dias-15-e-16-deste-mes","status":"publish","type":"post","link":"https:\/\/diarioregionaldigital.com.br\/?p=215895","title":{"rendered":"Gin\u00e1sio Municipal recebe jogos de inaugura\u00e7\u00e3o nos dias 15 e 16 deste m\u00eas"},"content":{"rendered":"<p>Segundo informa\u00e7\u00f5es do site da Prefeitura de Juiz de Fora (PJF), o Gin\u00e1sio Municipal Jornalista Ant\u00f4nio Marcos tem sua estreia esportiva nos dias 15 e 16 deste m\u00eas. Ser\u00e3o disputados 16 amistosos ao longo dos dois dias de programa\u00e7\u00e3o, incluindo as modalidades de Futsal, Voleibol, Basquete e Handebol. As exibi\u00e7\u00f5es ser\u00e3o nas categorias masculino, feminino e trans masculino, contando com atletas do sub-13, sub-16, sub-17, sub-18 e adulto.<\/p>\n<div id=\"box_texto_noticia\">\n<p>&nbsp;<\/p>\n<p>No s\u00e1bado, 15, a programa\u00e7\u00e3o contar\u00e1 com dez partidas, tendo in\u00edcio \u00e0s 8h e finalizando as atividades \u00e0s 18h30. J\u00e1 no domingo, 16, o Gin\u00e1sio receber\u00e1 seis jogos, come\u00e7ando \u00e0s 7h50 e terminando \u00e0s 15h50.<br \/>\nO secret\u00e1rio de esporte e lazer, Marcelo Matta, destacou sobre o in\u00edcio das atividades no equipamento esportivo. \u201cO espa\u00e7o do novo Gin\u00e1sio permite a realiza\u00e7\u00e3o de diferentes modalidades esportivas, de diferentes manifesta\u00e7\u00f5es, como o esporte estudantil, esporte de forma\u00e7\u00e3o de atletas e principalmente de esporte de alto rendimento. O espa\u00e7o ter\u00e1 o conceito de ser multiuso, podendo ter eventos culturais, eventos art\u00edsticos e claro, esportivos\u201d.<br \/>\nO secret\u00e1rio completou afirmando que o objetivo \u00e9 tornar o gin\u00e1sio um local diverso e aberto para todos os p\u00fablicos. \u201cA nossa ideia nesses jogos de inaugura\u00e7\u00e3o foi atender quatro modalidades esportivas: futsal, basquete, v\u00f4lei e handebol, masculino e feminino. Teremos equipes do esporte estudantil, de forma\u00e7\u00e3o de clubes, de trabalhadores da Prefeitura, de pessoas com defici\u00eancia (PCDs) e a comunidade LGBTQIAPN+, com o jogo de futsal entre atletas trans masculinos. Isso sinaliza que \u00e9 um espa\u00e7o aberto e diverso para atender a todos.\u201d<br \/>\nA programa\u00e7\u00e3o completa dos jogos de inaugura\u00e7\u00e3o est\u00e1 dispon\u00edvel em anexo.<\/p>\n<\/div>\n<p>&nbsp;<\/p>\n<div class=\"texto_anexo\"><img loading=\"lazy\" decoding=\"async\" src=\"https:\/\/www.pjf.mg.gov.br\/imagens\/clips.jpg\" width=\"22\" height=\"20\" \/>\u00a0<a href=\"https:\/\/www.pjf.mg.gov.br\/noticias\/anexo\/inauguracao_ginasio.pdf\" target=\"_blank\" rel=\"noopener\">Veja o anexo<\/a><\/div>\n","protected":false},"excerpt":{"rendered":"<p>Segundo informa\u00e7\u00f5es do site da Prefeitura de Juiz de Fora (PJF), o Gin\u00e1sio Municipal Jornalista Ant\u00f4nio Marcos tem sua estreia esportiva nos dias 15 e 16 deste m\u00eas. Ser\u00e3o disputados 16 amistosos ao longo dos dois dias de programa\u00e7\u00e3o, incluindo as modalidades de Futsal, Voleibol, Basquete e Handebol. As exibi\u00e7\u00f5es ser\u00e3o nas categorias masculino, feminino [&hellip;]<\/p>\n","protected":false},"author":246,"featured_media":215896,"comment_status":"closed","ping_status":"closed","sticky":false,"template":"","format":"standard","meta":{"footnotes":""},"categories":[253,436,439],"tags":[],"class_list":["post-215895","post","type-post","status-publish","format-standard","has-post-thumbnail","hentry","category-cidade","category-destaque-da-semana","category-ultima-hora"],"_links":{"self":[{"href":"https:\/\/diarioregionaldigital.com.br\/index.php?rest_route=\/wp\/v2\/posts\/215895","targetHints":{"allow":["GET"]}}],"collection":[{"href":"https:\/\/diarioregionaldigital.com.br\/index.php?rest_route=\/wp\/v2\/posts"}],"about":[{"href":"https:\/\/diarioregionaldigital.com.br\/index.php?rest_route=\/wp\/v2\/types\/post"}],"author":[{"embeddable":true,"href":"https:\/\/diarioregionaldigital.com.br\/index.php?rest_route=\/wp\/v2\/users\/246"}],"replies":[{"embeddable":true,"href":"https:\/\/diarioregionaldigital.com.br\/index.php?rest_route=%2Fwp%2Fv2%2Fcomments&post=215895"}],"version-history":[{"count":1,"href":"https:\/\/diarioregionaldigital.com.br\/index.php?rest_route=\/wp\/v2\/posts\/215895\/revisions"}],"predecessor-version":[{"id":215897,"href":"https:\/\/diarioregionaldigital.com.br\/index.php?rest_route=\/wp\/v2\/posts\/215895\/revisions\/215897"}],"wp:featuredmedia":[{"embeddable":true,"href":"https:\/\/diarioregionaldigital.com.br\/index.php?rest_route=\/wp\/v2\/media\/215896"}],"wp:attachment":[{"href":"https:\/\/diarioregionaldigital.com.br\/index.php?rest_route=%2Fwp%2Fv2%2Fmedia&parent=215895"}],"wp:term":[{"taxonomy":"category","embeddable":true,"href":"https:\/\/diarioregionaldigital.com.br\/index.php?rest_route=%2Fwp%2Fv2%2Fcategories&post=215895"},{"taxonomy":"post_tag","embeddable":true,"href":"https:\/\/diarioregionaldigital.com.br\/index.php?rest_route=%2Fwp%2Fv2%2Ftags&post=215895"}],"curies":[{"name":"wp","href":"https:\/\/api.w.org\/{rel}","templated":true}]}}