{"id":215886,"date":"2023-07-11T00:11:45","date_gmt":"2023-07-11T03:11:45","guid":{"rendered":"https:\/\/diarioregionaldigital.com.br\/?p=215886"},"modified":"2023-07-11T00:11:45","modified_gmt":"2023-07-11T03:11:45","slug":"brasileiro-botafogo-suporta-pressao-bate-gremio-e-segue-soberano","status":"publish","type":"post","link":"https:\/\/diarioregionaldigital.com.br\/?p=215886","title":{"rendered":"Brasileiro: Botafogo suporta press\u00e3o, bate Gr\u00eamio e segue soberano"},"content":{"rendered":"<p>O Botafogo visitou o Gr\u00eamio em Porto Alegre na noite deste domingo (9), suportou a press\u00e3o do advers\u00e1rio no primeito tempo e garantiu a vit\u00f3ria nos 15 minutos finais da partida, v\u00e1lida pela 14\u00aa rodada da S\u00e9rie A do Campeonato Brasileiro. O meia Eduardo e o atacante Carlos Alberto marcaram para o Alvinegro carioca, que chegou a 36 pontos, ficando 10 \u00e0 frente do Flamengo, segundo colocado. J\u00e1 o Gr\u00eamio perdeu a invencibilidade de 23 jogos na temporada, segue com 26 pontos na tabela e caiu para a terceira posi\u00e7\u00e3o no Brasileir\u00e3o.\u00a0<img decoding=\"async\" src=\"https:\/\/agenciabrasil.ebc.com.br\/ebc.png?id=1542891&amp;o=node\" \/><img decoding=\"async\" src=\"https:\/\/agenciabrasil.ebc.com.br\/ebc.gif?id=1542891&amp;o=node\" \/><\/p>\n<p>O Tricolor ga\u00facho ditou o ritmo de jogo, foi mais criativo no primeiro tempo, e teve boas chances de abrir o placar devido \u00e0s dificuldades de marca\u00e7\u00e3o da equipe alvinegra. Aos 22 minutos, o atacante uruguaio Luis Su\u00e1rez chutou com perigo de dentro da \u00e1rea, mas a bola foi para fora.\u00a0Dois minutos depois, em cobran\u00e7a de falta, o Glorioso teve a melhor oportunidade de abrir o placar. O meia\u00a0Eduardo levantou para Cuesta, que cabeceou para Tiquinho no meio da \u00e1rea mandar para o fundo da rede. No entanto, o VAR interveio e anulou o gol do Botafogo, devido a impedimento de Cuesta na jogada. O Gr\u00eamio seguiu pressionando, mas falhou nas finaliza\u00e7\u00f5es.<\/p>\n<p>Na volta do intervalo, o Tricolor enfileirou v\u00e1rias chances de inaugurar o marcador. A primeira delas, aos quatro minutos, em uma bomba desferida pelo uruguaio Su\u00e1rez na trave do gol de Lucas Perri. Sete minutos depois, Perri defendeu uma bola venenosa de Reinaldo, e repetiu grande defesa em ouro chute\u00a0de Su\u00e1rez, aos 28. No minuto seguinte, em meio ao sufoco, foi o Glorioso que abriu o placar na Arena Gr\u00eamio. Di Pl\u00e1cido cruzou para Eduardo dentro da \u00e1rea acertar um chute de chapa. O gol alvinegro baqueou a equipe tricolor. Aos 43 minutos, o paraguaio Seg\u00f3via interceptou o passe errado do lateral Reinaldo, passou a bola para Marlon, que rolou para para Carlos Alberto ampliar para o Fog\u00e3o: 2 a 0.<\/p>\n<h2>Outros resultados<\/h2>\n<p>Mais cedo neste domingo (9), o Santos derrotou o Goi\u00e1s por 4 a 3 na Vila Belmiro &#8211; sem a presen\u00e7a de torcida por puni\u00e7\u00e3o do STJD -,\u00a0subiu para 13\u00aa posi\u00e7\u00e3o na tabela (16 pontos). J\u00e1 o Esmeraldino segue em 17\u00ba lugar, na zona de rebaixamento (Z4), com 17 pontos.<\/p>\n<p>O Peixe chegou a fazer 3 a 1 no primeiro tempo, com dois gols de Marcos Leonardo e um de Mendon\u00e7a. O Goi\u00e1s descontou no final da Guilherme Marques. No segundo tempo, o Esmeraldino reagiu: Guiilherme Maques marcou o segundo dele no jogo e Jo\u00e3o Magno deixou tudo igual na Vila Belmiro. J\u00e1 aos 44 minutos, o \u00e1rbitro anotou p\u00eanalti de Lucas Hater no zagueiro alvinegro Joaquim. O lance foi revisto pelo VAR que confirmou o p\u00eanalti,\u00a0\u00a0Mendonza cobrou e converteu para o Peixe, garantido o triunfo por 3 a 2.<\/p>\n<p>Na Arena Castel\u00e3o, o Fortaleza bateu o Athletico-PR por 1 a 0 com gol de Pikachu no segundo tempo. Com o triunfo, a equipe comanda pelo t\u00e9cnico argentino\u00a0Juan Pablo Vojvoda subir quatro posi\u00e7\u00f5es: est\u00e1 em s\u00e9timo lugar, a apenas um ponto de entrar no G6.<\/p>\n<p>O Red Bull Bragantino tamb\u00e9m entrou em campo neste domingo (9), mas empatou sem gols contra o S\u00e3o Paulo, no\u00a0Est\u00e1dio Nabi Abi Chedid. O time de Bragan\u00e7a Paulista segue em sexto lugar na tabela, com 24 pontos, j\u00e1 o Tricolor paulista caiu para a oitava posi\u00e7\u00e3o, com 22 pontos.<\/p>\n<p><span style=\"font-weight: 400;\">Fonte: Ag\u00eancia Brasil <\/span><\/p>\n","protected":false},"excerpt":{"rendered":"<p>O Botafogo visitou o Gr\u00eamio em Porto Alegre na noite deste domingo (9), suportou a press\u00e3o do advers\u00e1rio no primeito tempo e garantiu a vit\u00f3ria nos 15 minutos finais da partida, v\u00e1lida pela 14\u00aa rodada da S\u00e9rie A do Campeonato Brasileiro. O meia Eduardo e o atacante Carlos Alberto marcaram para o Alvinegro carioca, que [&hellip;]<\/p>\n","protected":false},"author":246,"featured_media":215887,"comment_status":"closed","ping_status":"closed","sticky":false,"template":"","format":"standard","meta":{"footnotes":""},"categories":[436,257,439],"tags":[],"class_list":["post-215886","post","type-post","status-publish","format-standard","has-post-thumbnail","hentry","category-destaque-da-semana","category-esporte","category-ultima-hora"],"_links":{"self":[{"href":"https:\/\/diarioregionaldigital.com.br\/index.php?rest_route=\/wp\/v2\/posts\/215886","targetHints":{"allow":["GET"]}}],"collection":[{"href":"https:\/\/diarioregionaldigital.com.br\/index.php?rest_route=\/wp\/v2\/posts"}],"about":[{"href":"https:\/\/diarioregionaldigital.com.br\/index.php?rest_route=\/wp\/v2\/types\/post"}],"author":[{"embeddable":true,"href":"https:\/\/diarioregionaldigital.com.br\/index.php?rest_route=\/wp\/v2\/users\/246"}],"replies":[{"embeddable":true,"href":"https:\/\/diarioregionaldigital.com.br\/index.php?rest_route=%2Fwp%2Fv2%2Fcomments&post=215886"}],"version-history":[{"count":1,"href":"https:\/\/diarioregionaldigital.com.br\/index.php?rest_route=\/wp\/v2\/posts\/215886\/revisions"}],"predecessor-version":[{"id":215888,"href":"https:\/\/diarioregionaldigital.com.br\/index.php?rest_route=\/wp\/v2\/posts\/215886\/revisions\/215888"}],"wp:featuredmedia":[{"embeddable":true,"href":"https:\/\/diarioregionaldigital.com.br\/index.php?rest_route=\/wp\/v2\/media\/215887"}],"wp:attachment":[{"href":"https:\/\/diarioregionaldigital.com.br\/index.php?rest_route=%2Fwp%2Fv2%2Fmedia&parent=215886"}],"wp:term":[{"taxonomy":"category","embeddable":true,"href":"https:\/\/diarioregionaldigital.com.br\/index.php?rest_route=%2Fwp%2Fv2%2Fcategories&post=215886"},{"taxonomy":"post_tag","embeddable":true,"href":"https:\/\/diarioregionaldigital.com.br\/index.php?rest_route=%2Fwp%2Fv2%2Ftags&post=215886"}],"curies":[{"name":"wp","href":"https:\/\/api.w.org\/{rel}","templated":true}]}}