{"id":215883,"date":"2023-07-10T23:56:09","date_gmt":"2023-07-11T02:56:09","guid":{"rendered":"https:\/\/diarioregionaldigital.com.br\/?p=215883"},"modified":"2023-07-10T23:56:09","modified_gmt":"2023-07-11T02:56:09","slug":"lesao-nas-costas-tira-bia-haddad-maia-do-torneio-de-wimbledon","status":"publish","type":"post","link":"https:\/\/diarioregionaldigital.com.br\/?p=215883","title":{"rendered":"Les\u00e3o nas costas tira Bia Haddad Maia do Torneio de Wimbledon"},"content":{"rendered":"<p>Uma contratura muscular nas costas impediu Bia Haddad Maia de continuar a \u00f3tima campanha no Torneio de Wimbledon. Nesta segunda-feira (10) em Londres (Inglaterra), a brasileira de 27 anos abandonou a partida contra a cazaque Elena Rybakina, v\u00e1lida pelas oitavas de final, ainda no primeiro set, quando perdia por 4 games a 1, ap\u00f3s apenas 27 minutos de disputa. Com isso, ela tamb\u00e9m desistiu da chave de duplas, na qual atuava ao lado da bielorrussa Victoria Azarenka.<img decoding=\"async\" src=\"https:\/\/agenciabrasil.ebc.com.br\/ebc.png?id=1542985&amp;o=node\" \/><img decoding=\"async\" src=\"https:\/\/agenciabrasil.ebc.com.br\/ebc.gif?id=1542985&amp;o=node\" \/><\/p>\n<p>\u201cHoje acabei perdendo aqui em Wimbledon, n\u00e3o consegui terminar o jogo. Durante o ponto, acabei sentindo uma contratura muscular bem forte, meio que pin\u00e7ando e irradiando para a perna. Talvez alguma coisa de nervo, ainda n\u00e3o sabemos. Tenho uma equipe muito especial, que cuida muito bem de mim, e tenho certeza de que agora vamos tratar da melhor forma\u201d, declarou a brasileira.<\/p>\n<p>Agora Bia retornar\u00e1 ao Brasil para cuidar da les\u00e3o e descansar. O pr\u00f3ximo desafio da brasileira ser\u00e1 o WTA 1000 de Montr\u00e9al (Canad\u00e1): \u201cO meu pr\u00f3ximo desafio \u00e9 s\u00f3 em Montreal, daqui a um m\u00eas, ent\u00e3o vai dar para descansar. Foi um dia triste, mas faz parte. Temos que tirar um aprendizado desses momentos, assim como sempre tiramos das vit\u00f3rias\u201d.<\/p>\n<p>No \u00faltimo s\u00e1bado, ao superar a romena Sorana Cirstea por duplo 6\/2, Bia Haddad encerrou um jejum que durava 21 anos, de um representante do pa\u00eds alcan\u00e7ando as oitavas na grama londrina. Por\u00e9m, a les\u00e3o na partida desta segunda a impediu de alcan\u00e7ar uma outra fa\u00e7anha, de alcan\u00e7ar as quartas de final da chave feminina. A \u00faltima a fazer isto foi Maria Esther Bueno (pentacampe\u00e3 de Wimbledon) em 1976.<\/p>\n<h2>Brasil nas duplas<\/h2>\n<p>Apesar de n\u00e3o ter mais representantes nas chaves de simples, o Brasil continua vivo nas duplas. Entre as mulheres, Luisa Stefani e a francesa Caroline Garcia derrotaram a h\u00fangara Timea Babos e a belga Kirsten Flipkens nesta segunda por 2 sets a 0 &#8211; parciais de 7\/6 (10\/8) e 6\/3 &#8211; para avan\u00e7arem para as quartas de final.<\/p>\n<p>J\u00e1 na chave masculina Marcelo Melo e o australiano John Peers bateram os franceses Sadio Doumbia e Fabien Reboul por 2 sets a 0, com parciais de 6\/3 e 6\/2, para se garantirem nas quartas, etapa na qual medir\u00e3o for\u00e7as com os holandeses Tallon Griekspoor e Bart Stevens.<\/p>\n<p><span style=\"font-weight: 400;\">Fonte: Ag\u00eancia Brasil <\/span><\/p>\n","protected":false},"excerpt":{"rendered":"<p>Uma contratura muscular nas costas impediu Bia Haddad Maia de continuar a \u00f3tima campanha no Torneio de Wimbledon. Nesta segunda-feira (10) em Londres (Inglaterra), a brasileira de 27 anos abandonou a partida contra a cazaque Elena Rybakina, v\u00e1lida pelas oitavas de final, ainda no primeiro set, quando perdia por 4 games a 1, ap\u00f3s apenas [&hellip;]<\/p>\n","protected":false},"author":246,"featured_media":215884,"comment_status":"closed","ping_status":"closed","sticky":false,"template":"","format":"standard","meta":{"footnotes":""},"categories":[436,257,439],"tags":[],"class_list":["post-215883","post","type-post","status-publish","format-standard","has-post-thumbnail","hentry","category-destaque-da-semana","category-esporte","category-ultima-hora"],"_links":{"self":[{"href":"https:\/\/diarioregionaldigital.com.br\/index.php?rest_route=\/wp\/v2\/posts\/215883","targetHints":{"allow":["GET"]}}],"collection":[{"href":"https:\/\/diarioregionaldigital.com.br\/index.php?rest_route=\/wp\/v2\/posts"}],"about":[{"href":"https:\/\/diarioregionaldigital.com.br\/index.php?rest_route=\/wp\/v2\/types\/post"}],"author":[{"embeddable":true,"href":"https:\/\/diarioregionaldigital.com.br\/index.php?rest_route=\/wp\/v2\/users\/246"}],"replies":[{"embeddable":true,"href":"https:\/\/diarioregionaldigital.com.br\/index.php?rest_route=%2Fwp%2Fv2%2Fcomments&post=215883"}],"version-history":[{"count":1,"href":"https:\/\/diarioregionaldigital.com.br\/index.php?rest_route=\/wp\/v2\/posts\/215883\/revisions"}],"predecessor-version":[{"id":215885,"href":"https:\/\/diarioregionaldigital.com.br\/index.php?rest_route=\/wp\/v2\/posts\/215883\/revisions\/215885"}],"wp:featuredmedia":[{"embeddable":true,"href":"https:\/\/diarioregionaldigital.com.br\/index.php?rest_route=\/wp\/v2\/media\/215884"}],"wp:attachment":[{"href":"https:\/\/diarioregionaldigital.com.br\/index.php?rest_route=%2Fwp%2Fv2%2Fmedia&parent=215883"}],"wp:term":[{"taxonomy":"category","embeddable":true,"href":"https:\/\/diarioregionaldigital.com.br\/index.php?rest_route=%2Fwp%2Fv2%2Fcategories&post=215883"},{"taxonomy":"post_tag","embeddable":true,"href":"https:\/\/diarioregionaldigital.com.br\/index.php?rest_route=%2Fwp%2Fv2%2Ftags&post=215883"}],"curies":[{"name":"wp","href":"https:\/\/api.w.org\/{rel}","templated":true}]}}