{"id":215880,"date":"2023-07-10T23:54:41","date_gmt":"2023-07-11T02:54:41","guid":{"rendered":"https:\/\/diarioregionaldigital.com.br\/?p=215880"},"modified":"2023-07-10T23:54:41","modified_gmt":"2023-07-11T02:54:41","slug":"brasil-conquista-primeiro-ouro-no-mundial-de-atletismo-paralimpico","status":"publish","type":"post","link":"https:\/\/diarioregionaldigital.com.br\/?p=215880","title":{"rendered":"Brasil conquista primeiro ouro no Mundial de atletismo paral\u00edmpico"},"content":{"rendered":"<p>A delega\u00e7\u00e3o brasileira conquistou nesta segunda-feira (10) a primeira medalha de ouro na atual edi\u00e7\u00e3o do Mundial de atletismo paral\u00edmpico que est\u00e1 sendo disputado em Paris (Fran\u00e7a). A conquista veio com Ricardo Mendon\u00e7a na prova dos 100 metros da classe T37 (paralisados cerebrais), com o tempo de 11s21.<img decoding=\"async\" src=\"https:\/\/agenciabrasil.ebc.com.br\/ebc.png?id=1542988&amp;o=node\" \/><img decoding=\"async\" src=\"https:\/\/agenciabrasil.ebc.com.br\/ebc.gif?id=1542988&amp;o=node\" \/><\/p>\n<p>\u201c\u00c9 a realiza\u00e7\u00e3o de um sonho. Tudo o que eu vivi me trouxe at\u00e9 aqui agora. \u00c9 maravilhoso estar aqui. Ano passado, lesionei o joelho, pensei em desistir. Mas consegui. Agrade\u00e7o a todos que fizeram parte dessa hist\u00f3ria\u201d, afirmou Ricardo, que foi seguido na prova por Saptoyogo Purnomo, da Indon\u00e9sia, e pelo tamb\u00e9m brasileiro Christian Gabriel, que ficou em terceiro.<\/p>\n<p>J\u00e1 nos 5.000 metros pela classe T11 (atletas cegos), o paulista J\u00falio C\u00e9sar Agripino garantiu a prata, com o tempo de 15min07s21, enquanto o campe\u00e3o paral\u00edmpico Yeltsin Jacques ficou com o bronze ao completar a dist\u00e2ncia em 15min12s37. O ouro ficou nas m\u00e3os do japon\u00eas Kenya Karasawa, que ultrapassou os dois brasileiros em um sprint final para completar a prova com o tempo de 15min05s19.<\/p>\n<p>\u201cFiquei um ano e pouco afastado das pistas por causa de uma les\u00e3o. Fiquei mal, n\u00e3o consegui treinar direito antes do Mundial, mas hoje voltamos no alto n\u00edvel. O Brasil demonstrou que tem atletas muito competitivos. Agrade\u00e7o \u00e0 minha fam\u00edlia e aos meus guias. Pretendo voltar melhor em Paris [Jogos Paral\u00edmpicos] no ano que vem\u201d, declarou Yeltsin.<\/p>\n<h2>Tr\u00eas p\u00f3dios no primeiro dia<\/h2>\n<p>O Mundial de atletismo come\u00e7ou a ser disputado no \u00faltimo domingo (9), oportunidade na qual o Brasil j\u00e1 garantiu tr\u00eas medalhas: uma prata com Lorena Spoladore, no salto em dist\u00e2ncia da classe T11 (para cegos), e dois bronzes, com Vinicius Quintino, na petra (T72), e com Wallace dos Santos, no arremesso de peso F55 (para cadeirantes).<\/p>\n<p><span style=\"font-weight: 400;\">Fonte: Ag\u00eancia Brasil <\/span><\/p>\n","protected":false},"excerpt":{"rendered":"<p>A delega\u00e7\u00e3o brasileira conquistou nesta segunda-feira (10) a primeira medalha de ouro na atual edi\u00e7\u00e3o do Mundial de atletismo paral\u00edmpico que est\u00e1 sendo disputado em Paris (Fran\u00e7a). A conquista veio com Ricardo Mendon\u00e7a na prova dos 100 metros da classe T37 (paralisados cerebrais), com o tempo de 11s21. \u201c\u00c9 a realiza\u00e7\u00e3o de um sonho. Tudo [&hellip;]<\/p>\n","protected":false},"author":246,"featured_media":215881,"comment_status":"closed","ping_status":"closed","sticky":false,"template":"","format":"standard","meta":{"footnotes":""},"categories":[436,257,439],"tags":[],"class_list":["post-215880","post","type-post","status-publish","format-standard","has-post-thumbnail","hentry","category-destaque-da-semana","category-esporte","category-ultima-hora"],"_links":{"self":[{"href":"https:\/\/diarioregionaldigital.com.br\/index.php?rest_route=\/wp\/v2\/posts\/215880","targetHints":{"allow":["GET"]}}],"collection":[{"href":"https:\/\/diarioregionaldigital.com.br\/index.php?rest_route=\/wp\/v2\/posts"}],"about":[{"href":"https:\/\/diarioregionaldigital.com.br\/index.php?rest_route=\/wp\/v2\/types\/post"}],"author":[{"embeddable":true,"href":"https:\/\/diarioregionaldigital.com.br\/index.php?rest_route=\/wp\/v2\/users\/246"}],"replies":[{"embeddable":true,"href":"https:\/\/diarioregionaldigital.com.br\/index.php?rest_route=%2Fwp%2Fv2%2Fcomments&post=215880"}],"version-history":[{"count":1,"href":"https:\/\/diarioregionaldigital.com.br\/index.php?rest_route=\/wp\/v2\/posts\/215880\/revisions"}],"predecessor-version":[{"id":215882,"href":"https:\/\/diarioregionaldigital.com.br\/index.php?rest_route=\/wp\/v2\/posts\/215880\/revisions\/215882"}],"wp:featuredmedia":[{"embeddable":true,"href":"https:\/\/diarioregionaldigital.com.br\/index.php?rest_route=\/wp\/v2\/media\/215881"}],"wp:attachment":[{"href":"https:\/\/diarioregionaldigital.com.br\/index.php?rest_route=%2Fwp%2Fv2%2Fmedia&parent=215880"}],"wp:term":[{"taxonomy":"category","embeddable":true,"href":"https:\/\/diarioregionaldigital.com.br\/index.php?rest_route=%2Fwp%2Fv2%2Fcategories&post=215880"},{"taxonomy":"post_tag","embeddable":true,"href":"https:\/\/diarioregionaldigital.com.br\/index.php?rest_route=%2Fwp%2Fv2%2Ftags&post=215880"}],"curies":[{"name":"wp","href":"https:\/\/api.w.org\/{rel}","templated":true}]}}