{"id":215877,"date":"2023-07-10T23:52:52","date_gmt":"2023-07-11T02:52:52","guid":{"rendered":"https:\/\/diarioregionaldigital.com.br\/?p=215877"},"modified":"2023-07-10T23:52:52","modified_gmt":"2023-07-11T02:52:52","slug":"brasileiro-feminino-bragantino-derrota-flu-e-conquista-serie-a2","status":"publish","type":"post","link":"https:\/\/diarioregionaldigital.com.br\/?p=215877","title":{"rendered":"Brasileiro Feminino: Bragantino derrota Flu e conquista S\u00e9rie A2"},"content":{"rendered":"<p>O Bragantino conquistou o t\u00edtulo da S\u00e9rie A2 do Campeonato Brasileiro Feminino ap\u00f3s derrotar o Fluminense por 1 a 0, na noite desta segunda-feira (10) no est\u00e1dio Nabi Abi Chedid, em Bragan\u00e7a Paulista, no segundo jogo da decis\u00e3o. Na primeira partida da final as Bragantinas triunfaram por 3 a 0 no Est\u00e1dio Luso Brasileiro.<img decoding=\"async\" src=\"https:\/\/agenciabrasil.ebc.com.br\/ebc.png?id=1543031&amp;o=node\" \/><img decoding=\"async\" src=\"https:\/\/agenciabrasil.ebc.com.br\/ebc.gif?id=1543031&amp;o=node\" \/><\/p>\n<p>O gol da vit\u00f3ria da equipe de Bragan\u00e7a Paulista saiu ainda na primeira etapa. Ap\u00f3s cobran\u00e7a de escanteio de Carol Lara, a defesa tricolor cortou parcialmente e a bola sobrou para Luana, que, de primeira, tocou para o meio da \u00e1rea, onde Paulina cabeceou para superar a goleira Amanda.<\/p>\n<p>Na etapa final as Bragantinas voltaram a vencer a goleira Amanda, mas o gol marcado por Let\u00edcia Monteiro acabou sendo anulado pelo VAR (\u00e1rbitro de v\u00eddeo) por causa de posi\u00e7\u00e3o de impedimento de Let\u00edcia Telles na jogada.<\/p>\n<p>Tanto o campe\u00e3o Bragantino como o vice-campe\u00e3o Fluminense j\u00e1 garantiram vaga na S\u00e9rie A1 do Brasileiro Feminino de 2024, junto com Botafogo e Am\u00e9rica-MG.<\/p>\n<p><span style=\"font-weight: 400;\"><br \/>\n<\/span><span style=\"font-weight: 400;\">Fonte: Ag\u00eancia Brasil <\/span><\/p>\n","protected":false},"excerpt":{"rendered":"<p>O Bragantino conquistou o t\u00edtulo da S\u00e9rie A2 do Campeonato Brasileiro Feminino ap\u00f3s derrotar o Fluminense por 1 a 0, na noite desta segunda-feira (10) no est\u00e1dio Nabi Abi Chedid, em Bragan\u00e7a Paulista, no segundo jogo da decis\u00e3o. Na primeira partida da final as Bragantinas triunfaram por 3 a 0 no Est\u00e1dio Luso Brasileiro. O [&hellip;]<\/p>\n","protected":false},"author":246,"featured_media":215878,"comment_status":"closed","ping_status":"closed","sticky":false,"template":"","format":"standard","meta":{"footnotes":""},"categories":[436,440,257,439],"tags":[],"class_list":["post-215877","post","type-post","status-publish","format-standard","has-post-thumbnail","hentry","category-destaque-da-semana","category-destaques-do-dia","category-esporte","category-ultima-hora"],"_links":{"self":[{"href":"https:\/\/diarioregionaldigital.com.br\/index.php?rest_route=\/wp\/v2\/posts\/215877","targetHints":{"allow":["GET"]}}],"collection":[{"href":"https:\/\/diarioregionaldigital.com.br\/index.php?rest_route=\/wp\/v2\/posts"}],"about":[{"href":"https:\/\/diarioregionaldigital.com.br\/index.php?rest_route=\/wp\/v2\/types\/post"}],"author":[{"embeddable":true,"href":"https:\/\/diarioregionaldigital.com.br\/index.php?rest_route=\/wp\/v2\/users\/246"}],"replies":[{"embeddable":true,"href":"https:\/\/diarioregionaldigital.com.br\/index.php?rest_route=%2Fwp%2Fv2%2Fcomments&post=215877"}],"version-history":[{"count":1,"href":"https:\/\/diarioregionaldigital.com.br\/index.php?rest_route=\/wp\/v2\/posts\/215877\/revisions"}],"predecessor-version":[{"id":215879,"href":"https:\/\/diarioregionaldigital.com.br\/index.php?rest_route=\/wp\/v2\/posts\/215877\/revisions\/215879"}],"wp:featuredmedia":[{"embeddable":true,"href":"https:\/\/diarioregionaldigital.com.br\/index.php?rest_route=\/wp\/v2\/media\/215878"}],"wp:attachment":[{"href":"https:\/\/diarioregionaldigital.com.br\/index.php?rest_route=%2Fwp%2Fv2%2Fmedia&parent=215877"}],"wp:term":[{"taxonomy":"category","embeddable":true,"href":"https:\/\/diarioregionaldigital.com.br\/index.php?rest_route=%2Fwp%2Fv2%2Fcategories&post=215877"},{"taxonomy":"post_tag","embeddable":true,"href":"https:\/\/diarioregionaldigital.com.br\/index.php?rest_route=%2Fwp%2Fv2%2Ftags&post=215877"}],"curies":[{"name":"wp","href":"https:\/\/api.w.org\/{rel}","templated":true}]}}