{"id":215874,"date":"2023-07-10T23:47:15","date_gmt":"2023-07-11T02:47:15","guid":{"rendered":"https:\/\/diarioregionaldigital.com.br\/?p=215874"},"modified":"2023-07-10T23:47:15","modified_gmt":"2023-07-11T02:47:15","slug":"em-novas-sentencas-joao-de-deus-e-condenado-a-99-anos-de-prisao","status":"publish","type":"post","link":"https:\/\/diarioregionaldigital.com.br\/?p=215874","title":{"rendered":"Em novas senten\u00e7as, Jo\u00e3o de Deus \u00e9 condenado a 99 anos de pris\u00e3o"},"content":{"rendered":"<p>A Justi\u00e7a de Goi\u00e1s condenou, nesta segunda-feira (10), o m\u00e9dium Jo\u00e3o Teixeira de Faria, conhecido como Jo\u00e3o de Deus, a 99 anos de pris\u00e3o pelos crimes de estupro de vulner\u00e1vel e de viola\u00e7\u00e3o sexual mediante fraude.\u00a0<img decoding=\"async\" src=\"https:\/\/agenciabrasil.ebc.com.br\/ebc.png?id=1542998&amp;o=node\" \/><img decoding=\"async\" src=\"https:\/\/agenciabrasil.ebc.com.br\/ebc.gif?id=1542998&amp;o=node\" \/><\/p>\n<p>As senten\u00e7as foram proferidas pelo juiz Marcos Boechat Lopes Filho e envolvem oito v\u00edtimas que relataram abusos sofridos entre 2010 e 2018, durante atendimentos espirituais na Casa Dom In\u00e1cio de Loyola, em Abadi\u00e2nia, Goi\u00e1s. Pela decis\u00e3o, Jo\u00e3o de Deus ainda ter\u00e1 que pagar \u00e0s v\u00edtimas R$ 100 mil por danos morais.<\/p>\n<p>De acordo com o Tribunal de Justi\u00e7a de Goi\u00e1s, Jo\u00e3o Teixeira de Faria j\u00e1 foi condenado a 370 anos de pris\u00e3o. Quatro processos que ainda est\u00e3o em andamento podem aumentar a pena. Em um dos processos, que est\u00e1 relacionado a den\u00fancias que vieram \u00e0 tona entre 2009 e 2011, as acusa\u00e7\u00f5es foram arquivadas porque os crimes prescreveram. Cabe recurso em todos os casos.<\/p>\n<p>Em 2019, o Minist\u00e9rio P\u00fablico de Goi\u00e1s (MP-GO) apresentou nove den\u00fancias contra Jo\u00e3o de Deus, nas quais ele \u00e9 acusado de crimes como estupro de vulner\u00e1vel e viola\u00e7\u00e3o sexual. Segundo o MP, os crimes ocorreram pelo menos desde 1990, sendo interrompidos em 2018, quando as primeiras den\u00fancias foram divulgadas pela imprensa.<\/p>\n<p>A\u00a0<strong>Ag\u00eancia Brasil<\/strong>\u00a0entrou em contato com a defesa do m\u00e9dium e aguarda retorno.<\/p>\n<p><span style=\"font-weight: 400;\">Fonte: Ag\u00eancia Brasil <\/span><\/p>\n","protected":false},"excerpt":{"rendered":"<p>A Justi\u00e7a de Goi\u00e1s condenou, nesta segunda-feira (10), o m\u00e9dium Jo\u00e3o Teixeira de Faria, conhecido como Jo\u00e3o de Deus, a 99 anos de pris\u00e3o pelos crimes de estupro de vulner\u00e1vel e de viola\u00e7\u00e3o sexual mediante fraude.\u00a0 As senten\u00e7as foram proferidas pelo juiz Marcos Boechat Lopes Filho e envolvem oito v\u00edtimas que relataram abusos sofridos entre [&hellip;]<\/p>\n","protected":false},"author":246,"featured_media":215875,"comment_status":"closed","ping_status":"closed","sticky":false,"template":"","format":"standard","meta":{"footnotes":""},"categories":[436,254,439],"tags":[],"class_list":["post-215874","post","type-post","status-publish","format-standard","has-post-thumbnail","hentry","category-destaque-da-semana","category-politica","category-ultima-hora"],"_links":{"self":[{"href":"https:\/\/diarioregionaldigital.com.br\/index.php?rest_route=\/wp\/v2\/posts\/215874","targetHints":{"allow":["GET"]}}],"collection":[{"href":"https:\/\/diarioregionaldigital.com.br\/index.php?rest_route=\/wp\/v2\/posts"}],"about":[{"href":"https:\/\/diarioregionaldigital.com.br\/index.php?rest_route=\/wp\/v2\/types\/post"}],"author":[{"embeddable":true,"href":"https:\/\/diarioregionaldigital.com.br\/index.php?rest_route=\/wp\/v2\/users\/246"}],"replies":[{"embeddable":true,"href":"https:\/\/diarioregionaldigital.com.br\/index.php?rest_route=%2Fwp%2Fv2%2Fcomments&post=215874"}],"version-history":[{"count":1,"href":"https:\/\/diarioregionaldigital.com.br\/index.php?rest_route=\/wp\/v2\/posts\/215874\/revisions"}],"predecessor-version":[{"id":215876,"href":"https:\/\/diarioregionaldigital.com.br\/index.php?rest_route=\/wp\/v2\/posts\/215874\/revisions\/215876"}],"wp:featuredmedia":[{"embeddable":true,"href":"https:\/\/diarioregionaldigital.com.br\/index.php?rest_route=\/wp\/v2\/media\/215875"}],"wp:attachment":[{"href":"https:\/\/diarioregionaldigital.com.br\/index.php?rest_route=%2Fwp%2Fv2%2Fmedia&parent=215874"}],"wp:term":[{"taxonomy":"category","embeddable":true,"href":"https:\/\/diarioregionaldigital.com.br\/index.php?rest_route=%2Fwp%2Fv2%2Fcategories&post=215874"},{"taxonomy":"post_tag","embeddable":true,"href":"https:\/\/diarioregionaldigital.com.br\/index.php?rest_route=%2Fwp%2Fv2%2Ftags&post=215874"}],"curies":[{"name":"wp","href":"https:\/\/api.w.org\/{rel}","templated":true}]}}