{"id":215871,"date":"2023-07-10T23:44:43","date_gmt":"2023-07-11T02:44:43","guid":{"rendered":"https:\/\/diarioregionaldigital.com.br\/?p=215871"},"modified":"2023-07-10T23:44:43","modified_gmt":"2023-07-11T02:44:43","slug":"pgr-defende-arquivamento-de-inquerito-contra-deputado-andre-fernandes","status":"publish","type":"post","link":"https:\/\/diarioregionaldigital.com.br\/?p=215871","title":{"rendered":"PGR defende arquivamento de inqu\u00e9rito contra deputado Andr\u00e9 Fernandes"},"content":{"rendered":"<p>A Procuradoria-Geral da Rep\u00fablica (PGR) enviou, nesta segunda-feira (10), ao Supremo Tribunal Federal (STF) pedido de arquivamento do inqu\u00e9rito aberto contra o deputado federal Andr\u00e9 Fernandes (PL-CE).<img decoding=\"async\" src=\"https:\/\/agenciabrasil.ebc.com.br\/ebc.png?id=1543034&amp;o=node\" \/><img decoding=\"async\" src=\"https:\/\/agenciabrasil.ebc.com.br\/ebc.gif?id=1543034&amp;o=node\" \/><\/p>\n<p>O parlamentar foi acusado pela Pol\u00edcia Federal (PF) de incitar os atos golpistas de 8 de janeiro por meio de publica\u00e7\u00f5es nas redes sociais. Na postagem feita em 6 de janeiro, Fernandes publicou um v\u00eddeo intitulado \u201cato contra o governo Lula\u201d e escreveu: \u201cNeste final de semana acontecer\u00e1, na Pra\u00e7a dos Tr\u00eas Poderes, o primeiro ato contra o governo Lula. Estaremos l\u00e1\u201d.<\/p>\n<p>Em seguida, no dia dos atos, ele publicou uma imagem da porta do arm\u00e1rio do ministro Alexandre de Moraes que foi vandalizado e legendou: \u201cQuem rir vai preso.<\/p>\n<p>Fernandes e os demais deputados em eleitos em 2020 tomaram posse em fevereiro.<\/p>\n<p>Ao analisar as declara\u00e7\u00f5es, o subprocurador Carlos Frederico Santos, coordenador do grupo que apura os atos golpistas, entendeu que as frases publicadas n\u00e3o t\u00eam men\u00e7\u00f5es a atos de viol\u00eancia.<\/p>\n<p>\u201c\u00c9 evidente que uma publica\u00e7\u00e3o em rede social pode sim levar a uma influ\u00eancia causadora de um resultado delitivo, mas, neste caso, replicar um conte\u00fado j\u00e1 conhecido por milhares torna imposs\u00edvel conhecer o n\u00edvel de influ\u00eancia da postura do investigado, o que torna a causalidade, em caso de eventual continuidade da persecu\u00e7\u00e3o penal, apenas uma suposi\u00e7\u00e3o indemonstr\u00e1vel\u201d, afirmou Santos.<\/p>\n<p>O pedido de arquivamento ser\u00e1 analisado pelo relator, ministro Alexandre de Moraes.<\/p>\n<h2>Defesa<\/h2>\n<p>Pelas redes sociais, o parlamentar comentou o pedido de arquivamento. \u201cAp\u00f3s 5 meses de investiga\u00e7\u00e3o, a mesma PGR que pediu ao STF a abertura de inqu\u00e9rito contra mim, pediu hoje o arquivamento\u201d, escreveu.<\/p>\n<p><span style=\"font-weight: 400;\">Fonte: Ag\u00eancia Brasil <\/span><\/p>\n","protected":false},"excerpt":{"rendered":"<p>A Procuradoria-Geral da Rep\u00fablica (PGR) enviou, nesta segunda-feira (10), ao Supremo Tribunal Federal (STF) pedido de arquivamento do inqu\u00e9rito aberto contra o deputado federal Andr\u00e9 Fernandes (PL-CE). O parlamentar foi acusado pela Pol\u00edcia Federal (PF) de incitar os atos golpistas de 8 de janeiro por meio de publica\u00e7\u00f5es nas redes sociais. Na postagem feita em [&hellip;]<\/p>\n","protected":false},"author":246,"featured_media":215872,"comment_status":"closed","ping_status":"closed","sticky":false,"template":"","format":"standard","meta":{"footnotes":""},"categories":[436,254,439],"tags":[],"class_list":["post-215871","post","type-post","status-publish","format-standard","has-post-thumbnail","hentry","category-destaque-da-semana","category-politica","category-ultima-hora"],"_links":{"self":[{"href":"https:\/\/diarioregionaldigital.com.br\/index.php?rest_route=\/wp\/v2\/posts\/215871","targetHints":{"allow":["GET"]}}],"collection":[{"href":"https:\/\/diarioregionaldigital.com.br\/index.php?rest_route=\/wp\/v2\/posts"}],"about":[{"href":"https:\/\/diarioregionaldigital.com.br\/index.php?rest_route=\/wp\/v2\/types\/post"}],"author":[{"embeddable":true,"href":"https:\/\/diarioregionaldigital.com.br\/index.php?rest_route=\/wp\/v2\/users\/246"}],"replies":[{"embeddable":true,"href":"https:\/\/diarioregionaldigital.com.br\/index.php?rest_route=%2Fwp%2Fv2%2Fcomments&post=215871"}],"version-history":[{"count":1,"href":"https:\/\/diarioregionaldigital.com.br\/index.php?rest_route=\/wp\/v2\/posts\/215871\/revisions"}],"predecessor-version":[{"id":215873,"href":"https:\/\/diarioregionaldigital.com.br\/index.php?rest_route=\/wp\/v2\/posts\/215871\/revisions\/215873"}],"wp:featuredmedia":[{"embeddable":true,"href":"https:\/\/diarioregionaldigital.com.br\/index.php?rest_route=\/wp\/v2\/media\/215872"}],"wp:attachment":[{"href":"https:\/\/diarioregionaldigital.com.br\/index.php?rest_route=%2Fwp%2Fv2%2Fmedia&parent=215871"}],"wp:term":[{"taxonomy":"category","embeddable":true,"href":"https:\/\/diarioregionaldigital.com.br\/index.php?rest_route=%2Fwp%2Fv2%2Fcategories&post=215871"},{"taxonomy":"post_tag","embeddable":true,"href":"https:\/\/diarioregionaldigital.com.br\/index.php?rest_route=%2Fwp%2Fv2%2Ftags&post=215871"}],"curies":[{"name":"wp","href":"https:\/\/api.w.org\/{rel}","templated":true}]}}