{"id":215865,"date":"2023-07-10T23:41:35","date_gmt":"2023-07-11T02:41:35","guid":{"rendered":"https:\/\/diarioregionaldigital.com.br\/?p=215865"},"modified":"2023-07-10T23:41:35","modified_gmt":"2023-07-11T02:41:35","slug":"gilmar-mendes-anula-arquivamento-de-acao-contra-bolsonaro","status":"publish","type":"post","link":"https:\/\/diarioregionaldigital.com.br\/?p=215865","title":{"rendered":"Gilmar Mendes anula arquivamento de a\u00e7\u00e3o contra Bolsonaro"},"content":{"rendered":"<div class=\"post-item-wrap\">\n<p>O ministro Gilmar Mendes, do Supremo Tribunal Federal (STF), decidiu, nesta segunda-feira (10), anular uma decis\u00e3o da Justi\u00e7a Federal em Bras\u00edlia que arquivou um dos processos que apura a omiss\u00e3o do ex-presidente Jair Bolsonaro na gest\u00e3o da pandemia da covid-19.<img decoding=\"async\" src=\"https:\/\/agenciabrasil.ebc.com.br\/ebc.png?id=1542984&amp;o=node\" \/><img decoding=\"async\" src=\"https:\/\/agenciabrasil.ebc.com.br\/ebc.gif?id=1542984&amp;o=node\" \/><\/p>\n<p>Com a decis\u00e3o, caber\u00e1 a Procuradoria-Geral da Rep\u00fablica (PGR) reavaliar o processo e decidir se o caso ter\u00e1 novo andamento.<\/p>\n<p>Al\u00e9m de Bolsonaro, o processo envolve o ex-ministro da Sa\u00fade e atual deputado federal Eduardo Pazuello, a ex-secret\u00e1ria do Minist\u00e9rio da Sa\u00fade Mayra Pinheiro, o ex-secret\u00e1rio de Comunica\u00e7\u00e3o de Bolsonaro Fabio Wajngarten entre outros ex-integrantes do governo.<\/p>\n<p>Parte do processo est\u00e1 relacionado com as investiga\u00e7\u00f5es da CPI da Pandemia.\u00a0<a href=\"https:\/\/agenciabrasil.ebc.com.br\/politica\/noticia\/2021-10\/cpi-da-pandemia-aprova-relatorio-final-e-pede-80-indiciamentos\" target=\"_blank\" rel=\"noopener\">O colegiado encerrou os trabalhos em outubro do 2021<\/a>\u00a0e indiciou 80 pessoas por crimes durante a pandemia.<\/p>\n<p>Ap\u00f3s tramitar na primeira inst\u00e2ncia da Justi\u00e7a, parte da investiga\u00e7\u00e3o foi arquivada a pedido do Minist\u00e9rio P\u00fablico Federal (MPF). Contudo, a decis\u00e3o n\u00e3o poderia ter sido tomada porque Pazuello, que tem foro privilegiado, s\u00f3 pode ser julgado pelo Supremo.<\/p>\n<h2>Reavalia\u00e7\u00e3o<\/h2>\n<p>A reavalia\u00e7\u00e3o do caso ser\u00e1 conduzida pelo procurador-geral Augusto Aras e pela vice-procuradora-geral, Lind\u00f4ra Ara\u00fajo. Eles seguem no cargo at\u00e9 setembro deste ano, quando o presidente Luiz In\u00e1cio Lula da Silva poder\u00e1 mant\u00ea-los ou fazer nova indica\u00e7\u00e3o para a PGR.<\/p>\n<p>Durante o mandato de Bolsonaro,\u00a0<a href=\"https:\/\/agenciabrasil.ebc.com.br\/politica\/noticia\/2022-07\/pgr-justifica-pedido-de-arquivamento-de-apuracoes-sobre-presidente\" target=\"_blank\" rel=\"noopener\">Lind\u00f4ra pediu ao Supremo o arquivamento<\/a>\u00a0de apura\u00e7\u00f5es de supostos crimes atribu\u00eddos ao ex-presidente durante a pandemia.<\/p>\n<p>A\u00a0<strong>Ag\u00eancia Brasil<\/strong>\u00a0tenta contato com a defesa de Bolsonaro.<\/p>\n<\/div>\n<p class=\"alt-font font-italic my-2 small text-info\"><span style=\"font-weight: 400;\">Fonte: Ag\u00eancia Brasil <\/span><\/p>\n","protected":false},"excerpt":{"rendered":"<p>O ministro Gilmar Mendes, do Supremo Tribunal Federal (STF), decidiu, nesta segunda-feira (10), anular uma decis\u00e3o da Justi\u00e7a Federal em Bras\u00edlia que arquivou um dos processos que apura a omiss\u00e3o do ex-presidente Jair Bolsonaro na gest\u00e3o da pandemia da covid-19. Com a decis\u00e3o, caber\u00e1 a Procuradoria-Geral da Rep\u00fablica (PGR) reavaliar o processo e decidir se [&hellip;]<\/p>\n","protected":false},"author":246,"featured_media":215866,"comment_status":"closed","ping_status":"closed","sticky":false,"template":"","format":"standard","meta":{"footnotes":""},"categories":[436,440,254,439],"tags":[],"class_list":["post-215865","post","type-post","status-publish","format-standard","has-post-thumbnail","hentry","category-destaque-da-semana","category-destaques-do-dia","category-politica","category-ultima-hora"],"_links":{"self":[{"href":"https:\/\/diarioregionaldigital.com.br\/index.php?rest_route=\/wp\/v2\/posts\/215865","targetHints":{"allow":["GET"]}}],"collection":[{"href":"https:\/\/diarioregionaldigital.com.br\/index.php?rest_route=\/wp\/v2\/posts"}],"about":[{"href":"https:\/\/diarioregionaldigital.com.br\/index.php?rest_route=\/wp\/v2\/types\/post"}],"author":[{"embeddable":true,"href":"https:\/\/diarioregionaldigital.com.br\/index.php?rest_route=\/wp\/v2\/users\/246"}],"replies":[{"embeddable":true,"href":"https:\/\/diarioregionaldigital.com.br\/index.php?rest_route=%2Fwp%2Fv2%2Fcomments&post=215865"}],"version-history":[{"count":1,"href":"https:\/\/diarioregionaldigital.com.br\/index.php?rest_route=\/wp\/v2\/posts\/215865\/revisions"}],"predecessor-version":[{"id":215867,"href":"https:\/\/diarioregionaldigital.com.br\/index.php?rest_route=\/wp\/v2\/posts\/215865\/revisions\/215867"}],"wp:featuredmedia":[{"embeddable":true,"href":"https:\/\/diarioregionaldigital.com.br\/index.php?rest_route=\/wp\/v2\/media\/215866"}],"wp:attachment":[{"href":"https:\/\/diarioregionaldigital.com.br\/index.php?rest_route=%2Fwp%2Fv2%2Fmedia&parent=215865"}],"wp:term":[{"taxonomy":"category","embeddable":true,"href":"https:\/\/diarioregionaldigital.com.br\/index.php?rest_route=%2Fwp%2Fv2%2Fcategories&post=215865"},{"taxonomy":"post_tag","embeddable":true,"href":"https:\/\/diarioregionaldigital.com.br\/index.php?rest_route=%2Fwp%2Fv2%2Ftags&post=215865"}],"curies":[{"name":"wp","href":"https:\/\/api.w.org\/{rel}","templated":true}]}}