{"id":215859,"date":"2023-07-10T23:33:23","date_gmt":"2023-07-11T02:33:23","guid":{"rendered":"https:\/\/diarioregionaldigital.com.br\/?p=215859"},"modified":"2023-07-10T23:33:23","modified_gmt":"2023-07-11T02:33:23","slug":"apexbrasil-lanca-projeto-para-promover-exportacoes-de-farelo-de-milho","status":"publish","type":"post","link":"https:\/\/diarioregionaldigital.com.br\/?p=215859","title":{"rendered":"ApexBrasil lan\u00e7a projeto para promover exporta\u00e7\u00f5es de farelo de milho"},"content":{"rendered":"<p>A Ag\u00eancia Brasileira de Promo\u00e7\u00e3o de Exporta\u00e7\u00f5es e Investimentos (ApexBrasil) e a Uni\u00e3o Nacional do Etanol de Milho (Unem) lan\u00e7aram, nesta segunda-feira (10), em Sorriso, Mato Grosso, o Projeto Setorial de Promo\u00e7\u00e3o das Exporta\u00e7\u00f5es de Farelo de Milho DDG\/DDGS 2023-2025. \u00a0<img decoding=\"async\" src=\"https:\/\/agenciabrasil.ebc.com.br\/ebc.png?id=1542976&amp;o=node\" \/><img decoding=\"async\" src=\"https:\/\/agenciabrasil.ebc.com.br\/ebc.gif?id=1542976&amp;o=node\" \/><\/p>\n<p>Os DDGS\/DDG (dried distillers frains ou gr\u00e3os secos de destilaria) s\u00e3o gerados a partir da produ\u00e7\u00e3o do etanol do milho e s\u00e3o fontes de nutrientes para alimenta\u00e7\u00e3o de ruminantes, su\u00ednos, aves, peixes e camar\u00e3o.<\/p>\n<p>O projeto anunciado faz parte da estrat\u00e9gia do Brasil de promover o etanol como alternativa energ\u00e9tica e contribuir para a sustentabilidade ambiental global. A parceria de dois anos entre a ApexBrasil e a Unem pretende tamb\u00e9m agregar valor \u00e0s exporta\u00e7\u00f5es do agroneg\u00f3cio e aumentar a oferta de farelo de milho para nutri\u00e7\u00e3o animal, como resultado da produ\u00e7\u00e3o de etanol de milho, cultivado na segunda safra do gr\u00e3o. A safrinha \u00e9 plantada ap\u00f3s a colheita da safra principal, na mesma \u00e1rea, dentro do mesmo ano agr\u00edcola.<\/p>\n<p>O projeto lan\u00e7ado nesta segunda-feira teve apoio do Minist\u00e9rio da Agricultura e Pecu\u00e1ria. No evento, o ministro da Agricultura e Pecu\u00e1ria, Carlos F\u00e1varo, [ https:\/\/www.instagram.com\/p\/CuhgErphmXZ\/ ] declarou que a medida anunciada demonstra o potencial de expans\u00e3o do setor agropecu\u00e1rio do pa\u00eds. \u201cA agropecu\u00e1ria brasileira, que j\u00e1 \u00e9 gigante, tem compet\u00eancia para continuar crescendo e se desenvolvendo al\u00e9m das fronteiras brasileiras. N\u00f3s produzimos energia renov\u00e1vel e sustent\u00e1vel e podemos produzir muito mais, dentro de um ciclo de aproveitamento da produ\u00e7\u00e3o\u201d.<\/p>\n<p>De acordo com a ApexBrasil, a crescente disponibilidade do farelo de milho DDG\/DDGS leva \u00e0 redu\u00e7\u00e3o de pre\u00e7o, tornando-o uma alternativa mais atrativa em rela\u00e7\u00e3o a outras fontes proteicas.<\/p>\n<p>O presidente da ApexBrasil, Jorge Viana, destacou que, al\u00e9m de contribuir com uma op\u00e7\u00e3o eficiente na alimenta\u00e7\u00e3o animal global, o Brasil fortalece a cadeia produtiva do etanol. &#8220;O Brasil vive um momento extraordin\u00e1rio com o retorno da diplomacia presidencial trazida pelo presidente Lula. A ApexBrasil tem buscado valorizar os produtos brasileiros, apostando na inova\u00e7\u00e3o.\u201d<\/p>\n<p>O ministro Carlos F\u00e1varo concordou com Jorge Viana e disse que o governo est\u00e1 reconstruindo pontes diplom\u00e1ticas para aumentar as exporta\u00e7\u00f5es, entre outros produtos, da prote\u00edna animal. \u201cO\u00a0presidente Lula viaja pelo mundo como um grande embaixador, abrindo oportunidades. E n\u00f3s estamos atr\u00e1s, costurando essas oportunidades. Ampliamos o mercado de v\u00e1rios segmentos [do agroneg\u00f3cio] ao reconstruir essa diplomacia [&#8230;]. Estamos andando juntos pelo mundo para trazer oportunidades para c\u00e1\u201d.<\/p>\n<p>O presidente executivo da Unem, Guilherme Nolasco, disse que, com a parceria, um setor novo se organiza para uma agenda de promo\u00e7\u00e3o, fomento e com\u00e9rcio internacional que vai gerar valor a toda uma cadeia de neg\u00f3cios, desde a produ\u00e7\u00e3o de gr\u00e3o, prote\u00ednas e floresta plantada at\u00e9 a gera\u00e7\u00e3o de renda e arrecada\u00e7\u00e3o de impostos\u201d.<\/p>\n<p>Produ\u00e7\u00e3o de milho no pa\u00eds<\/p>\n<p>Atualmente, o Brasil \u00e9 o terceiro maior produtor de milho do mundo, atr\u00e1s apenas da China (2\u00ba) e dos Estados Unidos (1\u00ba). Cerca de 10% dos gr\u00e3os s\u00e3o destinados \u00e0 produ\u00e7\u00e3o de etanol, que \u00e9 realizada com o milho de segunda safra.<\/p>\n<p>De acordo com o \u00faltimo Levantamento da Safra de Gr\u00e3os divulgado em junho pela Companhia Nacional de Abastecimento (Conab), a prodi\u00e7\u00e3o de milho ser\u00e1 recorde na safra 2022\/2023. A estimativa \u00e9 colher 125,7 milh\u00f5es de toneladas do gr\u00e3o, somadas as tr\u00eas safras do cereal, ao longo do ciclo. [ https:\/\/agenciabrasil.ebc.com.br\/economia\/noticia\/2023-06\/conab-estima-producao-de-graos-em-3158-milhoes-de-toneladas ]<\/p>\n<p>Para a atual safra, a estimativa de produ\u00e7\u00e3o brasileira \u00e9 de 3 milh\u00f5es de toneladas de DDG\/DDGS, e as proje\u00e7\u00f5es indicam que at\u00e9 2031\/2032, o chegar\u00e1 a aproximadamente 6,5 milh\u00f5es de toneladas.<\/p>\n<p><span style=\"font-weight: 400;\">Fonte: Ag\u00eancia Brasil <\/span><\/p>\n","protected":false},"excerpt":{"rendered":"<p>A Ag\u00eancia Brasileira de Promo\u00e7\u00e3o de Exporta\u00e7\u00f5es e Investimentos (ApexBrasil) e a Uni\u00e3o Nacional do Etanol de Milho (Unem) lan\u00e7aram, nesta segunda-feira (10), em Sorriso, Mato Grosso, o Projeto Setorial de Promo\u00e7\u00e3o das Exporta\u00e7\u00f5es de Farelo de Milho DDG\/DDGS 2023-2025. \u00a0 Os DDGS\/DDG (dried distillers frains ou gr\u00e3os secos de destilaria) s\u00e3o gerados a partir [&hellip;]<\/p>\n","protected":false},"author":246,"featured_media":215860,"comment_status":"closed","ping_status":"closed","sticky":false,"template":"","format":"standard","meta":{"footnotes":""},"categories":[436,261,439],"tags":[],"class_list":["post-215859","post","type-post","status-publish","format-standard","has-post-thumbnail","hentry","category-destaque-da-semana","category-economia","category-ultima-hora"],"_links":{"self":[{"href":"https:\/\/diarioregionaldigital.com.br\/index.php?rest_route=\/wp\/v2\/posts\/215859","targetHints":{"allow":["GET"]}}],"collection":[{"href":"https:\/\/diarioregionaldigital.com.br\/index.php?rest_route=\/wp\/v2\/posts"}],"about":[{"href":"https:\/\/diarioregionaldigital.com.br\/index.php?rest_route=\/wp\/v2\/types\/post"}],"author":[{"embeddable":true,"href":"https:\/\/diarioregionaldigital.com.br\/index.php?rest_route=\/wp\/v2\/users\/246"}],"replies":[{"embeddable":true,"href":"https:\/\/diarioregionaldigital.com.br\/index.php?rest_route=%2Fwp%2Fv2%2Fcomments&post=215859"}],"version-history":[{"count":1,"href":"https:\/\/diarioregionaldigital.com.br\/index.php?rest_route=\/wp\/v2\/posts\/215859\/revisions"}],"predecessor-version":[{"id":215861,"href":"https:\/\/diarioregionaldigital.com.br\/index.php?rest_route=\/wp\/v2\/posts\/215859\/revisions\/215861"}],"wp:featuredmedia":[{"embeddable":true,"href":"https:\/\/diarioregionaldigital.com.br\/index.php?rest_route=\/wp\/v2\/media\/215860"}],"wp:attachment":[{"href":"https:\/\/diarioregionaldigital.com.br\/index.php?rest_route=%2Fwp%2Fv2%2Fmedia&parent=215859"}],"wp:term":[{"taxonomy":"category","embeddable":true,"href":"https:\/\/diarioregionaldigital.com.br\/index.php?rest_route=%2Fwp%2Fv2%2Fcategories&post=215859"},{"taxonomy":"post_tag","embeddable":true,"href":"https:\/\/diarioregionaldigital.com.br\/index.php?rest_route=%2Fwp%2Fv2%2Ftags&post=215859"}],"curies":[{"name":"wp","href":"https:\/\/api.w.org\/{rel}","templated":true}]}}