{"id":215853,"date":"2023-07-10T23:29:26","date_gmt":"2023-07-11T02:29:26","guid":{"rendered":"https:\/\/diarioregionaldigital.com.br\/?p=215853"},"modified":"2023-07-10T23:29:26","modified_gmt":"2023-07-11T02:29:26","slug":"vendas-de-eletroeletronicos-nacionais-crescem-13-no-primeiro-semestre","status":"publish","type":"post","link":"https:\/\/diarioregionaldigital.com.br\/?p=215853","title":{"rendered":"Vendas de eletroeletr\u00f4nicos nacionais crescem 13% no primeiro semestre"},"content":{"rendered":"<p>A ind\u00fastria nacional de eletroeletr\u00f4nicos registrou uma eleva\u00e7\u00e3o de 13% nas vendas no primeiro semestre de 2023 em compara\u00e7\u00e3o ao mesmo per\u00edodo do ano passado: foram comercializados 44,02 milh\u00f5es de unidades nos seis primeiros meses do ano ante 39,07 milh\u00f5es de unidades\u00a0no mesmo per\u00edodo do ano anterior. Os dados, divulgados nesta segunda-feira (10), s\u00e3o da Associa\u00e7\u00e3o Nacional de Fabricantes de Produtos Eletroeletr\u00f4nicos (Eletros).<img decoding=\"async\" src=\"https:\/\/agenciabrasil.ebc.com.br\/ebc.png?id=1542972&amp;o=node\" \/><img decoding=\"async\" src=\"https:\/\/agenciabrasil.ebc.com.br\/ebc.gif?id=1542972&amp;o=node\" \/><\/p>\n<p>De acordo com a entidade, o crescimento em 2023, registrado desde janeiro, interrompeu um dos piores ciclos do setor \u2013 que vinha registrando 18 meses de quedas consecutivas. &#8220;Se o segundo semestre se mantiver dentro da m\u00e9dia hist\u00f3rica de desempenho do segmento, podemos prever um crescimento anual entre 4% e 6% em rela\u00e7\u00e3o a\u00a02022&#8221;, disse o presidente executivo da Eletros, Jorge Nascimento.<\/p>\n<h2>Juros altos<\/h2>\n<p>Segundo o executivo, os\u00a0juros permanecem sendo um dos principais obst\u00e1culos para a retomada das vendas no setor. Atualmente, a taxa b\u00e1sica de juros (Selic) est\u00e1 em em 13,75% ao ano. Esse patamar impacta, de acordo com Nascimento, especialmente o com\u00e9rcio de\u00a0produtos de grande porte, como geladeiras, televisores, fog\u00f5es e m\u00e1quinas de lavar roupas, que s\u00e3o vendidos majoritariamente financiados.<\/p>\n<p>&#8220;Com maior estabilidade na infla\u00e7\u00e3o, nos custos das mat\u00e9rias-primas e do frete, reduzir os juros passa a ser uma prioridade para todo o setor produtivo&#8221;, destacou\u00a0Nascimento. &#8220;As dificuldades no acesso e o custo do cr\u00e9dito prejudicam a ind\u00fastria e o varejo&#8221;, complementou.<\/p>\n<h2>Maiores altas<\/h2>\n<p>A\u00a0<em>air fryer<\/em>, ou fritadeira a ar, foi o eletroeletr\u00f4nico cujas vendas apresentaram o maior crescimento no primeiro semestre de 2023, com comercializa\u00e7\u00e3o 85% acima do registrado\u00a0entre janeiro e junho de 2022. J\u00e1 a linha branca, composta, principalmente, por geladeiras, fog\u00f5es e m\u00e1quinas de lavar roupas, registrou alta de 4% nas vendas do primeiro semestre de 2023 em compara\u00e7\u00e3o com os primeiros seis meses de 2022.<\/p>\n<p>As vendas de aparelhos de ar condicionado apresentaram alta de 16% no comparativo semestral com o mesmo per\u00edodo de 2022. J\u00e1 a venda de televis\u00f5es teve alta de 19% registrada no primeiro semestre de 2023, em rela\u00e7\u00e3o ao mesmo per\u00edodo do ano passado.<\/p>\n<p>Segundo a Eletros, os resultados podem representar uma reviravolta nas expectativas da ind\u00fastria, caso se sustentem no segundo semestre. &#8220;Estamos avaliando se os bons resultados se formar\u00e3o como uma tend\u00eancia ou se referem \u00e0 reposi\u00e7\u00e3o dos estoques pelo varejo&#8221;, ressalvou\u00a0Jorge Nascimento.<\/p>\n<p><span style=\"font-weight: 400;\">Fonte: Ag\u00eancia Brasil <\/span><\/p>\n","protected":false},"excerpt":{"rendered":"<p>A ind\u00fastria nacional de eletroeletr\u00f4nicos registrou uma eleva\u00e7\u00e3o de 13% nas vendas no primeiro semestre de 2023 em compara\u00e7\u00e3o ao mesmo per\u00edodo do ano passado: foram comercializados 44,02 milh\u00f5es de unidades nos seis primeiros meses do ano ante 39,07 milh\u00f5es de unidades\u00a0no mesmo per\u00edodo do ano anterior. Os dados, divulgados nesta segunda-feira (10), s\u00e3o da [&hellip;]<\/p>\n","protected":false},"author":246,"featured_media":215854,"comment_status":"closed","ping_status":"closed","sticky":false,"template":"","format":"standard","meta":{"footnotes":""},"categories":[436,440,261,439],"tags":[],"class_list":["post-215853","post","type-post","status-publish","format-standard","has-post-thumbnail","hentry","category-destaque-da-semana","category-destaques-do-dia","category-economia","category-ultima-hora"],"_links":{"self":[{"href":"https:\/\/diarioregionaldigital.com.br\/index.php?rest_route=\/wp\/v2\/posts\/215853","targetHints":{"allow":["GET"]}}],"collection":[{"href":"https:\/\/diarioregionaldigital.com.br\/index.php?rest_route=\/wp\/v2\/posts"}],"about":[{"href":"https:\/\/diarioregionaldigital.com.br\/index.php?rest_route=\/wp\/v2\/types\/post"}],"author":[{"embeddable":true,"href":"https:\/\/diarioregionaldigital.com.br\/index.php?rest_route=\/wp\/v2\/users\/246"}],"replies":[{"embeddable":true,"href":"https:\/\/diarioregionaldigital.com.br\/index.php?rest_route=%2Fwp%2Fv2%2Fcomments&post=215853"}],"version-history":[{"count":1,"href":"https:\/\/diarioregionaldigital.com.br\/index.php?rest_route=\/wp\/v2\/posts\/215853\/revisions"}],"predecessor-version":[{"id":215855,"href":"https:\/\/diarioregionaldigital.com.br\/index.php?rest_route=\/wp\/v2\/posts\/215853\/revisions\/215855"}],"wp:featuredmedia":[{"embeddable":true,"href":"https:\/\/diarioregionaldigital.com.br\/index.php?rest_route=\/wp\/v2\/media\/215854"}],"wp:attachment":[{"href":"https:\/\/diarioregionaldigital.com.br\/index.php?rest_route=%2Fwp%2Fv2%2Fmedia&parent=215853"}],"wp:term":[{"taxonomy":"category","embeddable":true,"href":"https:\/\/diarioregionaldigital.com.br\/index.php?rest_route=%2Fwp%2Fv2%2Fcategories&post=215853"},{"taxonomy":"post_tag","embeddable":true,"href":"https:\/\/diarioregionaldigital.com.br\/index.php?rest_route=%2Fwp%2Fv2%2Ftags&post=215853"}],"curies":[{"name":"wp","href":"https:\/\/api.w.org\/{rel}","templated":true}]}}