{"id":215850,"date":"2023-07-09T06:00:01","date_gmt":"2023-07-09T09:00:01","guid":{"rendered":"https:\/\/diarioregionaldigital.com.br\/?p=215850"},"modified":"2023-07-08T03:44:06","modified_gmt":"2023-07-08T06:44:06","slug":"roberta-venceu-o-premio-francisco-alves","status":"publish","type":"post","link":"https:\/\/diarioregionaldigital.com.br\/?p=215850","title":{"rendered":"Roberta venceu o pr\u00eamio Francisco Alves"},"content":{"rendered":"<p>Depois de alguns anos passados em branco, a Academia Brasileira de Letras voltou a conceder o Pr\u00eamio Francisco Alves, destinado a especialistas \u00a0em monografias de ensino elementar. A previs\u00e3o do patrono \u00e9 que a concess\u00e3o fosse de cinco em cinco anos, mas por motivos diversos, inclusive a pandemia, isso n\u00e3o aconteceu nos \u00faltimos anos.<\/p>\n<p>Por nossa sugest\u00e3o, aprovada por unanimidade no plen\u00e1rio da ABL, \u00a0o pr\u00eamio de 2023 \u00a0foi atribu\u00eddo \u00e0 educadora Roberta Barreto, hoje Secret\u00e1ria de Estado de Educa\u00e7\u00e3o e que foi tamb\u00e9m Secret\u00e1ria Municipal de Educa\u00e7\u00e3o do munic\u00edpio de Duque de Caxias.<\/p>\n<p>Uma conversa com Roberta \u00e9 altamente enriquecedora. Quando lembra os seus feitos no Governo Zito, uma ideia logo lhe vem \u00e0 mente: o problema grav\u00edssimo da alimenta\u00e7\u00e3o escolar. As crian\u00e7as das escolas municipais s\u00f3 tinham acesso \u00e0 merenda uma vez por dia. Eram fundamentalmente desnutridas. Para tentar contornar o problema, a ent\u00e3o Secret\u00e1ria deixava que tivessem acesso aos lix\u00f5es da regi\u00e3o, para aproveitar o que fosse poss\u00edvel, a t\u00edtulo de alimenta\u00e7\u00e3o.<\/p>\n<p>A\u00ed ela p\u00e1ra a descri\u00e7\u00e3o e os seus lindos olhos se enchem de l\u00e1grimas. \u201cN\u00e3o posso lembrar esse fato sem me comover novamente.\u201d Isso porque, segundo ela, os seus cuidados resultaram no enriquecimento prot\u00eaico dos seus alunos, o que dava para notar de um ano para o outro. \u00a0E as \u00a0li\u00e7\u00f5es de Darcy Ribeiro jamais sa\u00edram da sua cabe\u00e7a.<\/p>\n<p>As experi\u00eancias vividas no servi\u00e7o p\u00fablico t\u00eam o efeito de uma aut\u00eantica monografia, com \u00eanfase no ensino fundamental. Como agora vai se dedicar, com cuidados especiais, \u00e0 valoriza\u00e7\u00e3o do ensino da Matem\u00e1tica, numa inteligente parceria com o Centro de Integra\u00e7\u00e3o Empresa-Escola. Os alunos ser\u00e3o grandemente beneficiados com o aperfei\u00e7oamento na ci\u00eancia do racioc\u00ednio, essencial para viver com efici\u00eancia os tempos da modernidade, em que a intelig\u00eancia artificial, a inform\u00e1tica e a rob\u00f3tica ganham not\u00e1vel relevo.<\/p>\n<p>Isso, \u00e9 claro, sem esquecer o que representam os sal\u00e1rios em todo esse processo. Roberta pensa com objetividade nos investimentos obrigat\u00f3rios por lei, reservando para a Secretaria de\u00a0 Educa\u00e7\u00e3o, como manda a Constitui\u00e7\u00e3o, 25% do Or\u00e7amento. O seu pensamento \u00e9 muito claro: \u201cO nosso empenho estar\u00e1 sempre voltado para a efic\u00e1cia nesse processo. Nossos professores e especialistas jamais perdoar\u00e3o qualquer neglig\u00eancia em nossa atua\u00e7\u00e3o como Gestora P\u00fablica.\u201d \u2013 diz ela.<\/p>\n<p>Graduada em Hist\u00f3ria, tem mais de 30 anos de carreira. Foi diretora de escola e coordenadora regional da Uni\u00e3o dos Dirigentes Municipais de Educa\u00e7\u00e3o (UNDIME-Rio).<\/p>\n<p>E foi membro fundadora do F\u00f3rum de Combate\u00a0 \u00e0 Viol\u00eancia contra a Mulher de Duque de Caxias. Por duas vezes foi Subsecret\u00e1ria de Estado de Governo. Formou-se na rede estadual pelo Instituto de Educa\u00e7\u00e3o Roberto Silveira. Sua maior preocupa\u00e7\u00e3o \u00e9 colaborar para que exista uma educa\u00e7\u00e3o p\u00fablica de qualidade, assegurando o melhor aos cidad\u00e3os do seu Estado.<\/p>\n<p>Por todas essas raz\u00f5es o seu Pr\u00eamio Francisco Alves \u00e9 mais do que merecido e honra a Academia Brasileira de Letras.<\/p>\n","protected":false},"excerpt":{"rendered":"<p>Depois de alguns anos passados em branco, a Academia Brasileira de Letras voltou a conceder o Pr\u00eamio Francisco Alves, destinado a especialistas \u00a0em monografias de ensino elementar. A previs\u00e3o do patrono \u00e9 que a concess\u00e3o fosse de cinco em cinco anos, mas por motivos diversos, inclusive a pandemia, isso n\u00e3o aconteceu nos \u00faltimos anos. Por [&hellip;]<\/p>\n","protected":false},"author":96,"featured_media":0,"comment_status":"closed","ping_status":"closed","sticky":false,"template":"","format":"standard","meta":{"footnotes":""},"categories":[275],"tags":[],"class_list":["post-215850","post","type-post","status-publish","format-standard","hentry","category-arnaldo-niskier"],"_links":{"self":[{"href":"https:\/\/diarioregionaldigital.com.br\/index.php?rest_route=\/wp\/v2\/posts\/215850","targetHints":{"allow":["GET"]}}],"collection":[{"href":"https:\/\/diarioregionaldigital.com.br\/index.php?rest_route=\/wp\/v2\/posts"}],"about":[{"href":"https:\/\/diarioregionaldigital.com.br\/index.php?rest_route=\/wp\/v2\/types\/post"}],"author":[{"embeddable":true,"href":"https:\/\/diarioregionaldigital.com.br\/index.php?rest_route=\/wp\/v2\/users\/96"}],"replies":[{"embeddable":true,"href":"https:\/\/diarioregionaldigital.com.br\/index.php?rest_route=%2Fwp%2Fv2%2Fcomments&post=215850"}],"version-history":[{"count":1,"href":"https:\/\/diarioregionaldigital.com.br\/index.php?rest_route=\/wp\/v2\/posts\/215850\/revisions"}],"predecessor-version":[{"id":215851,"href":"https:\/\/diarioregionaldigital.com.br\/index.php?rest_route=\/wp\/v2\/posts\/215850\/revisions\/215851"}],"wp:attachment":[{"href":"https:\/\/diarioregionaldigital.com.br\/index.php?rest_route=%2Fwp%2Fv2%2Fmedia&parent=215850"}],"wp:term":[{"taxonomy":"category","embeddable":true,"href":"https:\/\/diarioregionaldigital.com.br\/index.php?rest_route=%2Fwp%2Fv2%2Fcategories&post=215850"},{"taxonomy":"post_tag","embeddable":true,"href":"https:\/\/diarioregionaldigital.com.br\/index.php?rest_route=%2Fwp%2Fv2%2Ftags&post=215850"}],"curies":[{"name":"wp","href":"https:\/\/api.w.org\/{rel}","templated":true}]}}