{"id":215848,"date":"2023-07-09T06:00:16","date_gmt":"2023-07-09T09:00:16","guid":{"rendered":"https:\/\/diarioregionaldigital.com.br\/?p=215848"},"modified":"2023-07-29T06:20:57","modified_gmt":"2023-07-29T09:20:57","slug":"consideracoes-sobre-a-fe-parte-02","status":"publish","type":"post","link":"https:\/\/diarioregionaldigital.com.br\/?p=215848","title":{"rendered":"Considera\u00e7\u00f5es sobre a f\u00e9 &#8211; parte 02"},"content":{"rendered":"<p>Semana passada iniciamos uma s\u00e9rie de reflex\u00f5es sobre a f\u00e9, abordando-a atrav\u00e9s de algumas perguntas b\u00e1sicas. J\u00e1 conversamos sobre \u201co que \u00e9 a f\u00e9\u201d, hoje vamos dialogar um pouco sobre outra indaga\u00e7\u00e3o bastante comum: por que ter f\u00e9?<\/p>\n<p>A resposta b\u00edblica \u00e9 bastante incisiva: Porque \u00e9 atrav\u00e9s dela que conseguimos estabelecer uma rela\u00e7\u00e3o com Deus.<\/p>\n<p>Preste aten\u00e7\u00e3o na seguinte\u00a0 passagem:<\/p>\n<p>\u201cOra, sem f\u00e9 \u00e9 imposs\u00edvel agradar-lhe; porque \u00e9 necess\u00e1rio que aquele que se aproxima de Deus creia que ele existe, e que \u00e9 galardoador dos que o buscam\u201d (Hebreus 11: 6).<\/p>\n<p>Neste mundo nos habituamos a confiar apenas naquilo que podemos tangibilizar. Se eu n\u00e3o vejo, n\u00e3o confio!<\/p>\n<p>Por\u00e9m, o Alt\u00edssimo \u00e9 intang\u00edvel, ainda que real.<\/p>\n<p>Para que possamos nos aproximar, precisamos acreditar sem ver, sem tocar, sem ter confirma\u00e7\u00f5es naturais\u2026 Al\u00e9m disso, temos de lidar com as milhares de especula\u00e7\u00f5es que a arrog\u00e2ncia intelectual humana interp\u00f5e ao ato de crer no Deus criador.<\/p>\n<p>Portanto, a rela\u00e7\u00e3o com o Pai nos desafia a caminhar de olhos vendados.<\/p>\n<p>No in\u00edcio, pode parecer absurdo e at\u00e9 arriscado, mas quando voc\u00ea se permite uma experi\u00eancia verdadeira com Ele, n\u00e3o tarda para que sua percep\u00e7\u00e3o mude e Ele se apresente a voc\u00ea t\u00e3o real, t\u00e3o concreto quanto o ch\u00e3o em que voc\u00ea est\u00e1 pisando neste momento.<\/p>\n<p>A f\u00e9 \u00e9 exatamente este mecanismo, \u201co saber sem ver\u201d, mas que te proporciona evoluir, pois na medida em que voc\u00ea sabe mais, o que estava oculto se revela com nitidez.<\/p>\n<p>A f\u00e9 \u00e9 a \u00fanica forma de relacionar-se com Deus em diferentes etapas do seu conhecimento. Atrav\u00e9s da f\u00e9 voc\u00ea fala com Ele e voc\u00ea tamb\u00e9m o escuta, voc\u00ea pede e Ele te atende. Pois faz parte da f\u00e9 que tamb\u00e9m voc\u00ea saiba com convic\u00e7\u00e3o que ele \u00e9 galardoador (veja a parte final do vers\u00edculo acima), ou seja, de que Deus presenteia aqueles que se relacionam com Ele atrav\u00e9s da f\u00e9.<\/p>\n<p>Retomando a indaga\u00e7\u00e3o: por que? Porque a f\u00e9 \u00e9 comunh\u00e3o com Deus!<\/p>\n","protected":false},"excerpt":{"rendered":"<p>Semana passada iniciamos uma s\u00e9rie de reflex\u00f5es sobre a f\u00e9, abordando-a atrav\u00e9s de algumas perguntas b\u00e1sicas. J\u00e1 conversamos sobre \u201co que \u00e9 a f\u00e9\u201d, hoje vamos dialogar um pouco sobre outra indaga\u00e7\u00e3o bastante comum: por que ter f\u00e9? A resposta b\u00edblica \u00e9 bastante incisiva: Porque \u00e9 atrav\u00e9s dela que conseguimos estabelecer uma rela\u00e7\u00e3o com Deus. [&hellip;]<\/p>\n","protected":false},"author":96,"featured_media":0,"comment_status":"closed","ping_status":"closed","sticky":false,"template":"","format":"standard","meta":{"footnotes":""},"categories":[1244],"tags":[],"class_list":["post-215848","post","type-post","status-publish","format-standard","hentry","category-oleg-abramov"],"_links":{"self":[{"href":"https:\/\/diarioregionaldigital.com.br\/index.php?rest_route=\/wp\/v2\/posts\/215848","targetHints":{"allow":["GET"]}}],"collection":[{"href":"https:\/\/diarioregionaldigital.com.br\/index.php?rest_route=\/wp\/v2\/posts"}],"about":[{"href":"https:\/\/diarioregionaldigital.com.br\/index.php?rest_route=\/wp\/v2\/types\/post"}],"author":[{"embeddable":true,"href":"https:\/\/diarioregionaldigital.com.br\/index.php?rest_route=\/wp\/v2\/users\/96"}],"replies":[{"embeddable":true,"href":"https:\/\/diarioregionaldigital.com.br\/index.php?rest_route=%2Fwp%2Fv2%2Fcomments&post=215848"}],"version-history":[{"count":2,"href":"https:\/\/diarioregionaldigital.com.br\/index.php?rest_route=\/wp\/v2\/posts\/215848\/revisions"}],"predecessor-version":[{"id":216661,"href":"https:\/\/diarioregionaldigital.com.br\/index.php?rest_route=\/wp\/v2\/posts\/215848\/revisions\/216661"}],"wp:attachment":[{"href":"https:\/\/diarioregionaldigital.com.br\/index.php?rest_route=%2Fwp%2Fv2%2Fmedia&parent=215848"}],"wp:term":[{"taxonomy":"category","embeddable":true,"href":"https:\/\/diarioregionaldigital.com.br\/index.php?rest_route=%2Fwp%2Fv2%2Fcategories&post=215848"},{"taxonomy":"post_tag","embeddable":true,"href":"https:\/\/diarioregionaldigital.com.br\/index.php?rest_route=%2Fwp%2Fv2%2Ftags&post=215848"}],"curies":[{"name":"wp","href":"https:\/\/api.w.org\/{rel}","templated":true}]}}