{"id":215837,"date":"2023-07-07T23:42:27","date_gmt":"2023-07-08T02:42:27","guid":{"rendered":"https:\/\/diarioregionaldigital.com.br\/?p=215837"},"modified":"2023-07-07T23:42:27","modified_gmt":"2023-07-08T02:42:27","slug":"transito-no-campus-da-ufjf-sera-fechado-para-corrida-da-faefid-neste-domingo-9","status":"publish","type":"post","link":"https:\/\/diarioregionaldigital.com.br\/?p=215837","title":{"rendered":"Tr\u00e2nsito no campus da UFJF ser\u00e1 fechado para Corrida da Faefid neste domingo, 9"},"content":{"rendered":"<p>Segundo informa\u00e7\u00f5es do site da Prefeitura de Juiz de Fora (PJF), com a interdi\u00e7\u00e3o total neste domingo, 9, do campus da Universidade Federal de Juiz de Fora (UFJF), no hor\u00e1rio de 7h30 \u00e0s 10h, as linhas de \u00f4nibus 532, 534, 541, 544, 547, 548 e 549 do transporte coletivo urbano ter\u00e3o o itiner\u00e1rio alterado provisoriamente. Confira as modifica\u00e7\u00f5es de cada linha:<\/p>\n<div id=\"box_texto_noticia\">\n<p>&nbsp;<\/p>\n<p><strong>Linhas 532 (S\u00e3o Pedro\/Via Cai\u00e7aras), 534 (Santos Dumont), 541(S\u00e3o Pedro)<\/strong>:<\/p>\n<p>&#8211;\u00a0Sentido bairro\/Centro: &#8230;Av. Costa e Silva, Rua Jos\u00e9 Louren\u00e7o Kelmer, trevo Jardim Casa Blanca, Av. Pedro Henrique Kranbeck, Rua Roberto Stigert, Av. Costa e Silva, Rua Dr. Fernando Cyrne, Rua Liduino Vieira dos Reis, Av. Eug\u00eanio do Nascimento, Av. Itamar Franco.\u2026<\/p>\n<p>&#8211;\u00a0Sentido Centro \/ Bairro: Sem altera\u00e7\u00e3o<br \/>\n<strong>Linha 547 (Nossa Senhora de F\u00e1tima):<\/strong><\/p>\n<p>&#8211;\u00a0Sentido bairro\/Centro: &#8230;Rua Jos\u00e9 Louren\u00e7o Kelmer, Av. Costa e Silva,<\/p>\n<p>Rua Fernando Cyrne, Rua Paulo Boti, Av. Eug\u00eanio do Nascimento, Av. Itamar Franco.\u2026<\/p>\n<p>&#8211;\u00a0Sentido Centro \/ Bairro: Sem Altera\u00e7\u00e3o<br \/>\n<strong>Linhas 544 (Recanto dos Brugger), 548 (Adolpho Vireque\/Via Jardim Casa Blanca\/Morada do Serro):<\/strong><\/p>\n<p>&#8211;\u00a0Sentido Centro\/Bairro: &#8230; Av. Itamar Franco, Av. Eug\u00eanio do Nascimento, Est\u00e1dio, Rua Liduino Vieira dos Reis, Rua Fernando Cyrne, Av. Costa e Silva\u2026<\/p>\n<p>&#8211;\u00a0Sentido Bairro\/Centro: Sem altera\u00e7\u00e3o<\/p>\n<p><strong>Linha 549 (Nova Germ\u00e2nia):<\/strong><\/p>\n<p>&#8211;\u00a0Sentido Centro\/bairro:&#8230;Av. Itamar Franco, Av. Eug\u00eanio do Nascimento,<\/p>\n<p>Rua Liduino Vieira dos Reis, Rua Fernando Cyrne, Av. Costa e Silva\u2026<\/p>\n<p>&#8211;\u00a0Sentido bairro\/Centro:&#8230;Av. Costa e Silva, Rua Jos\u00e9 Louren\u00e7o Kelmer, trevo Jardim Casa Blanca, Av. Pedro Henrique Kranbeck, Rua Roberto Stigert, Av. Costa e Silva, Rua Fernando Cyrne, Rua Paulo Boti, Av. Eug\u00eanio do Nascimento, Av. Itamar Franco.\u2026<\/p>\n<\/div>\n<p>&nbsp;<\/p>\n<div id=\"box_compartilhar\" align=\"right\"><\/div>\n","protected":false},"excerpt":{"rendered":"<p>Segundo informa\u00e7\u00f5es do site da Prefeitura de Juiz de Fora (PJF), com a interdi\u00e7\u00e3o total neste domingo, 9, do campus da Universidade Federal de Juiz de Fora (UFJF), no hor\u00e1rio de 7h30 \u00e0s 10h, as linhas de \u00f4nibus 532, 534, 541, 544, 547, 548 e 549 do transporte coletivo urbano ter\u00e3o o itiner\u00e1rio alterado provisoriamente. [&hellip;]<\/p>\n","protected":false},"author":246,"featured_media":215838,"comment_status":"closed","ping_status":"closed","sticky":false,"template":"","format":"standard","meta":{"footnotes":""},"categories":[253,436,439],"tags":[],"class_list":["post-215837","post","type-post","status-publish","format-standard","has-post-thumbnail","hentry","category-cidade","category-destaque-da-semana","category-ultima-hora"],"_links":{"self":[{"href":"https:\/\/diarioregionaldigital.com.br\/index.php?rest_route=\/wp\/v2\/posts\/215837","targetHints":{"allow":["GET"]}}],"collection":[{"href":"https:\/\/diarioregionaldigital.com.br\/index.php?rest_route=\/wp\/v2\/posts"}],"about":[{"href":"https:\/\/diarioregionaldigital.com.br\/index.php?rest_route=\/wp\/v2\/types\/post"}],"author":[{"embeddable":true,"href":"https:\/\/diarioregionaldigital.com.br\/index.php?rest_route=\/wp\/v2\/users\/246"}],"replies":[{"embeddable":true,"href":"https:\/\/diarioregionaldigital.com.br\/index.php?rest_route=%2Fwp%2Fv2%2Fcomments&post=215837"}],"version-history":[{"count":1,"href":"https:\/\/diarioregionaldigital.com.br\/index.php?rest_route=\/wp\/v2\/posts\/215837\/revisions"}],"predecessor-version":[{"id":215839,"href":"https:\/\/diarioregionaldigital.com.br\/index.php?rest_route=\/wp\/v2\/posts\/215837\/revisions\/215839"}],"wp:featuredmedia":[{"embeddable":true,"href":"https:\/\/diarioregionaldigital.com.br\/index.php?rest_route=\/wp\/v2\/media\/215838"}],"wp:attachment":[{"href":"https:\/\/diarioregionaldigital.com.br\/index.php?rest_route=%2Fwp%2Fv2%2Fmedia&parent=215837"}],"wp:term":[{"taxonomy":"category","embeddable":true,"href":"https:\/\/diarioregionaldigital.com.br\/index.php?rest_route=%2Fwp%2Fv2%2Fcategories&post=215837"},{"taxonomy":"post_tag","embeddable":true,"href":"https:\/\/diarioregionaldigital.com.br\/index.php?rest_route=%2Fwp%2Fv2%2Ftags&post=215837"}],"curies":[{"name":"wp","href":"https:\/\/api.w.org\/{rel}","templated":true}]}}