{"id":215834,"date":"2023-07-07T23:38:46","date_gmt":"2023-07-08T02:38:46","guid":{"rendered":"https:\/\/diarioregionaldigital.com.br\/?p=215834"},"modified":"2023-07-07T23:38:46","modified_gmt":"2023-07-08T02:38:46","slug":"importancia-da-participacao-popular-marca-o-segundo-dia-da-conferencia-municipal-de-assistencia-social","status":"publish","type":"post","link":"https:\/\/diarioregionaldigital.com.br\/?p=215834","title":{"rendered":"Import\u00e2ncia da participa\u00e7\u00e3o popular marca o segundo dia da Confer\u00eancia Municipal de Assist\u00eancia Social"},"content":{"rendered":"<p>Segundo informa\u00e7\u00f5es do site da Prefeitura de Juiz de Fora (PJF), nesta sexta-feira, 7, ocorreu o segundo dia de discuss\u00f5es da 12\u00aa Confer\u00eancia Municipal de Assist\u00eancia Social de Juiz de Fora, organizada pelo Conselho Municipal de Assist\u00eancia Social de Juiz de Fora (Cmas-JF). Com o tema \u201cReconstru\u00e7\u00e3o do Suas: o Suas que temos e o Suas que queremos\u201d, o dia foi pautado pela import\u00e2ncia da participa\u00e7\u00e3o popular na constru\u00e7\u00e3o de pol\u00edticas p\u00fablicas para a \u00e1rea.<\/p>\n<p>O encontro foi aberto com a leitura e aprova\u00e7\u00e3o do regimento interno, em seguida foi a vez da subsecret\u00e1ria de prote\u00e7\u00e3o social, Cristiane Nasser, apresentar o cen\u00e1rio da assist\u00eancia social em Juiz de Fora com o tema \u201cAqui tem SUAS\u201d. Foram abordados os avan\u00e7os como a amplia\u00e7\u00e3o do n\u00famero de fam\u00edlias atendidas pelo Aux\u00edlio Moradia, o investimento em trabalhadores concursados, a renova\u00e7\u00e3o de todos os chamamentos p\u00fablicos dos servi\u00e7os socioassistenciais, a contrata\u00e7\u00e3o da plataforma Gesuas (software que ir\u00e1 integrar toda a base de servi\u00e7os dos usu\u00e1rios, possibilitando acompanhar em tempo real como essas pol\u00edticas p\u00fablicas est\u00e3o sendo implementadas) e a implementa\u00e7\u00e3o dos benef\u00edcios eventuais nas situa\u00e7\u00f5es de nascimento, morte, vulnerabilidade tempor\u00e1ria e de calamidade p\u00fablica.<\/p>\n<p>Nasser tamb\u00e9m falou sobre a import\u00e2ncia de a\u00e7\u00f5es para a popula\u00e7\u00e3o em situa\u00e7\u00e3o de rua e adiantou o trabalho para a cria\u00e7\u00e3o de um programa de inclus\u00e3o produtiva garantindo acompanhamento, capacita\u00e7\u00e3o, inclus\u00e3o gradativa e produtiva para garantir condi\u00e7\u00f5es deste p\u00fablico se estabelecer com moradia e emprego.<\/p>\n<p>Em seguida, foi a vez dos pain\u00e9is sobre os eixos das plen\u00e1rias tem\u00e1ticas. Dois representantes de cada tema falaram sobre financiamento, controle social, articula\u00e7\u00e3o entre segmentos, servi\u00e7os, programas e projetos e benef\u00edcios e transfer\u00eancia de renda. Em comum nas explana\u00e7\u00f5es, a necessidade dos usu\u00e1rios na constru\u00e7\u00e3o das a\u00e7\u00f5es. \u201cN\u00e3o podemos deixar os outros decidirem por n\u00f3s. Precisamos ter responsabilidade compartilhada, cobrar e participar para que as pol\u00edticas p\u00fablicas sejam condizentes com as necessidades\u201d, enfatizou a especialista em ouvidorias, Samantha Borchear.<\/p>\n<p>Na \u00e1rea do financiamento, Marina Mancini e Rodrigo de Deus, servidores da Secret\u00e1ria de Assist\u00eancia Social (SAS), ressaltaram a necessidade constante de investimento com o aumento do financiamento para recursos para a cidade. \u201cSem recursos n\u00e3o h\u00e1 pol\u00edticas p\u00fablicas e nem garantia de direitos fundamentais\u201d.<\/p>\n<p>Os benef\u00edcios assistenciais e os trabalhos desenvolvidos pelos Centros de Refer\u00eancia de Assist\u00eancia Social e pelo Servi\u00e7o de Conviv\u00eancia e Fortalecimento de V\u00ednculos\u00a0foram destacados pelas assistentes sociais Alessandra Azalim, Nicole Silva, \u00c9rica Fernandes, Lidiane Pav\u00e3o, Renata Barreto e pelo supervisor do Cad\u00danico, Thiago Santos. J\u00e1 a coordenadora da Casa dos Conselhos, Val\u00e9ria Martins, abordou a import\u00e2ncia da articula\u00e7\u00e3o e do fortalecimento no espa\u00e7o do conselho.<\/p>\n<p>No per\u00edodo da tarde foi iniciado o trabalho nas plen\u00e1rias tem\u00e1ticas com a entrega das propostas e mo\u00e7\u00f5es para a plen\u00e1ria final, marcada para o s\u00e1bado, 8, onde ser\u00e1 encerrada a confer\u00eancia.<\/p>\n","protected":false},"excerpt":{"rendered":"<p>Segundo informa\u00e7\u00f5es do site da Prefeitura de Juiz de Fora (PJF), nesta sexta-feira, 7, ocorreu o segundo dia de discuss\u00f5es da 12\u00aa Confer\u00eancia Municipal de Assist\u00eancia Social de Juiz de Fora, organizada pelo Conselho Municipal de Assist\u00eancia Social de Juiz de Fora (Cmas-JF). Com o tema \u201cReconstru\u00e7\u00e3o do Suas: o Suas que temos e o [&hellip;]<\/p>\n","protected":false},"author":246,"featured_media":215835,"comment_status":"closed","ping_status":"closed","sticky":false,"template":"","format":"standard","meta":{"footnotes":""},"categories":[253,436,439],"tags":[],"class_list":["post-215834","post","type-post","status-publish","format-standard","has-post-thumbnail","hentry","category-cidade","category-destaque-da-semana","category-ultima-hora"],"_links":{"self":[{"href":"https:\/\/diarioregionaldigital.com.br\/index.php?rest_route=\/wp\/v2\/posts\/215834","targetHints":{"allow":["GET"]}}],"collection":[{"href":"https:\/\/diarioregionaldigital.com.br\/index.php?rest_route=\/wp\/v2\/posts"}],"about":[{"href":"https:\/\/diarioregionaldigital.com.br\/index.php?rest_route=\/wp\/v2\/types\/post"}],"author":[{"embeddable":true,"href":"https:\/\/diarioregionaldigital.com.br\/index.php?rest_route=\/wp\/v2\/users\/246"}],"replies":[{"embeddable":true,"href":"https:\/\/diarioregionaldigital.com.br\/index.php?rest_route=%2Fwp%2Fv2%2Fcomments&post=215834"}],"version-history":[{"count":1,"href":"https:\/\/diarioregionaldigital.com.br\/index.php?rest_route=\/wp\/v2\/posts\/215834\/revisions"}],"predecessor-version":[{"id":215836,"href":"https:\/\/diarioregionaldigital.com.br\/index.php?rest_route=\/wp\/v2\/posts\/215834\/revisions\/215836"}],"wp:featuredmedia":[{"embeddable":true,"href":"https:\/\/diarioregionaldigital.com.br\/index.php?rest_route=\/wp\/v2\/media\/215835"}],"wp:attachment":[{"href":"https:\/\/diarioregionaldigital.com.br\/index.php?rest_route=%2Fwp%2Fv2%2Fmedia&parent=215834"}],"wp:term":[{"taxonomy":"category","embeddable":true,"href":"https:\/\/diarioregionaldigital.com.br\/index.php?rest_route=%2Fwp%2Fv2%2Fcategories&post=215834"},{"taxonomy":"post_tag","embeddable":true,"href":"https:\/\/diarioregionaldigital.com.br\/index.php?rest_route=%2Fwp%2Fv2%2Ftags&post=215834"}],"curies":[{"name":"wp","href":"https:\/\/api.w.org\/{rel}","templated":true}]}}